{"id":580126,"date":"2026-07-11T14:39:16","date_gmt":"2026-07-11T14:39:16","guid":{"rendered":"https:\/\/www.europesays.com\/it\/580126\/"},"modified":"2026-07-11T14:39:16","modified_gmt":"2026-07-11T14:39:16","slug":"filippo-magnini-sbarca-a-the-traitors-il-reality-di-prime-video-il-campione-pesarese-torna-in-tv","status":"publish","type":"post","link":"https:\/\/www.europesays.com\/it\/580126\/","title":{"rendered":"Filippo Magnini sbarca a \u2018The Traitors\u2019, il reality di Prime video: il campione pesarese torna in tv"},"content":{"rendered":"<p>Pesaro, 11 luglio 2026 \u2013 Niente corsie, blocchi di partenza o cronometri. Questa volta Filippo Magnini dovr\u00e0 <strong>affidarsi all&#8217;istinto, alla strategia <\/strong>e alla capacit\u00e0 di leggere le persone. L&#8217;ex campione del mondo di nuoto \u00e8 tra i protagonisti annunciati oggi del<strong> cast della seconda stagione di The Traitors Italia,<\/strong> il reality di Prime Video condotto da Alessia Marcuzzi, in arrivo a ottobre.\u00a0Per il campione pesarese si apre cos\u00ec <strong>una nuova avventura televisiva<\/strong>, molto diversa da quelle affrontate finora.<\/p>\n<p>Approfondisci:<\/p>\n<p><a href=\"https:\/\/www.ilrestodelcarlino.it\/marche\/cultura\/benedetta-rossi-mamma-adozione-dxtebch2\" class=\"ArticleEmbed_article__embed__content__Jzqnz\" rel=\"nofollow noopener\" target=\"_blank\">Benedetta Rossi e il marito diventano genitori di due bambine: \u201cInizia il viaggio pi\u00f9 bello della nostra vita\u201d<img alt=\"Benedetta Rossi e il marito diventano genitori di due bambine: \u201cInizia il viaggio pi\u00f9 bello della nostra vita\u201d\" loading=\"lazy\" width=\"140\" height=\"78\" decoding=\"async\" data-nimg=\"1\" style=\"color:transparent\"  src=\"https:\/\/www.europesays.com\/it\/wp-content\/uploads\/2026\/07\/la-cuoca-e-food-creator-benedetta-rossi-e-suo-marito-marco-gentili-diventeranno-genitori.webp\"\/><\/a><img alt=\"Filippo Magnini\" loading=\"lazy\" width=\"2072\" height=\"3088\" decoding=\"async\" data-nimg=\"1\" style=\"color:transparent;max-width:100%;height:auto\"   src=\"https:\/\/www.europesays.com\/it\/wp-content\/uploads\/2026\/07\/filippo-magnini.webp\"\/><\/p>\n<p>Filippo Magnini<\/p>\n<p>Un cast pieno di volti noti <\/p>\n<p>Magnini sar\u00e0 chiamato a convivere <strong>con influencer, attori, giornalisti, cantanti e personaggi<\/strong> dello spettacolo. Nel cast figurano anche Giulia Salemi, Lorella Cuccarini, Francesca Barra, Gianluca Torre, Awed, Mario Ermito, Camihawke, Pasquale La Rocca, Jolanda Renga, Valentina Nappi, Biondo e Daniele Gattano.\u00a0<strong>Tra i concorrenti ci sar\u00e0 anche la moglie Giorgia Palmas,<\/strong> ex velina e volto televisivo. Per la coppia sar\u00e0 una sfida nella sfida: nello stesso cast, ma senza poter fare gioco di squadra. In The Traitors, infatti, l&#8217;obiettivo \u00e8 capire chi mente e chi dice la verit\u00e0. Nel gioco alcuni concorrenti vengono scelti in gran segreto come &#8220;traditori&#8221;, mentre gli altri devono scoprirli prima di essere eliminati. Vince chi riesce a ingannare meglio gli avversari. Marito e moglie <strong>non conosceranno il ruolo degli altri<\/strong> e potrebbero ritrovarsi persino su fronti opposti, tra &#8220;leali&#8221; e &#8220;traditori&#8221;.<\/p>\n<p>Una carriera che continua davanti alle telecamere <\/p>\n<p>Da quando ha lasciato il nuoto agonistico, Magnini <strong>non \u00e8 mai sparito dal piccolo schermo<\/strong>. Anzi. Ha partecipato a <strong>Celebrity MasterChef, <\/strong>dove ha mostrato anche la sua passione per la cucina, si \u00e8 rimesso in gioco a <strong>Ballando con le Stelle<\/strong> e ha condotto insieme a Samanta Togni il programma <strong>&#8220;Per me&#8221; su Rai 2<\/strong> dedicato al benessere. Ha fatto anche un&#8217;esperienza da<strong> inviato all&#8217;Isola dei Famosi,<\/strong> dimostrando di trovarsi sempre pi\u00f9 a suo agio davanti alle telecamere.<\/p>\n<p>Da Pesaro alla tv nazionale <\/p>\n<p>Per Pesaro Magnini resta <strong>uno degli sportivi pi\u00f9 rappresentativi degli ultimi decenni.<\/strong> Due titoli mondiali nei 100 stile libero, un&#8217;infinit\u00e0 di medaglie internazionali e un posto ormai stabile nella storia del nuoto italiano. Negli ultimi anni, per\u00f2, il suo percorso ha preso una direzione diversa. <strong>Meno piscine e pi\u00f9 televisione,<\/strong> senza mai perdere quella competitivit\u00e0 che lo ha accompagnato per tutta la carriera.<\/p>\n<p>La sfida pi\u00f9 psicologica <\/p>\n<p>Se nelle gare bastavano velocit\u00e0 e preparazione, in The Traitors serviranno <strong>sangue freddo, intuito e capacit\u00e0 di bluffare<\/strong>. \u00c8 un reality costruito su alleanze, sospetti e colpi di scena, diventato un successo internazionale proprio perch\u00e9 trasforma ogni concorrente in un investigatore&#8230; o in un perfetto bugiardo. E chiss\u00e0 che proprio il campione di Pesaro,<strong> abituato a gestire la pressione delle finali mondiali,<\/strong> non riesca a sorprendere anche lontano dalla piscina. Questa volta, per\u00f2, la medaglia si conquista convincendo tutti di essere dalla parte giusta.<\/p>\n","protected":false},"excerpt":{"rendered":"Pesaro, 11 luglio 2026 \u2013 Niente corsie, blocchi di partenza o cronometri. Questa volta Filippo Magnini dovr\u00e0 affidarsi&hellip;\n","protected":false},"author":3,"featured_media":580127,"comment_status":"","ping_status":"","sticky":false,"template":"","format":"standard","meta":{"footnotes":"","_share_on_mastodon":"0"},"categories":[1444],"tags":[1953,203,9435,204,1537,90,89,50309,80429,4425,19432,64559,628,116434,253,2392],"class_list":["post-580126","post","type-post","status-publish","format-standard","has-post-thumbnail","category-tv","tag-campione","tag-entertainment","tag-filippo","tag-intrattenimento","tag-it","tag-italia","tag-italy","tag-magnini","tag-pesarese","tag-prime","tag-reality","tag-sbarca","tag-the","tag-traitors","tag-tv","tag-video"],"share_on_mastodon":{"url":"https:\/\/pubeurope.com\/@it\/116901863655638362","error":""},"_links":{"self":[{"href":"https:\/\/www.europesays.com\/it\/wp-json\/wp\/v2\/posts\/580126","targetHints":{"allow":["GET"]}}],"collection":[{"href":"https:\/\/www.europesays.com\/it\/wp-json\/wp\/v2\/posts"}],"about":[{"href":"https:\/\/www.europesays.com\/it\/wp-json\/wp\/v2\/types\/post"}],"author":[{"embeddable":true,"href":"https:\/\/www.europesays.com\/it\/wp-json\/wp\/v2\/users\/3"}],"replies":[{"embeddable":true,"href":"https:\/\/www.europesays.com\/it\/wp-json\/wp\/v2\/comments?post=580126"}],"version-history":[{"count":0,"href":"https:\/\/www.europesays.com\/it\/wp-json\/wp\/v2\/posts\/580126\/revisions"}],"wp:featuredmedia":[{"embeddable":true,"href":"https:\/\/www.europesays.com\/it\/wp-json\/wp\/v2\/media\/580127"}],"wp:attachment":[{"href":"https:\/\/www.europesays.com\/it\/wp-json\/wp\/v2\/media?parent=580126"}],"wp:term":[{"taxonomy":"category","embeddable":true,"href":"https:\/\/www.europesays.com\/it\/wp-json\/wp\/v2\/categories?post=580126"},{"taxonomy":"post_tag","embeddable":true,"href":"https:\/\/www.europesays.com\/it\/wp-json\/wp\/v2\/tags?post=580126"}],"curies":[{"name":"wp","href":"https:\/\/api.w.org\/{rel}","templated":true}]}}