{"id":580436,"date":"2026-07-11T19:09:15","date_gmt":"2026-07-11T19:09:15","guid":{"rendered":"https:\/\/www.europesays.com\/it\/580436\/"},"modified":"2026-07-11T19:09:15","modified_gmt":"2026-07-11T19:09:15","slug":"roma-primavera-mattia-scala-nuovo-allenatore-e-il-piu-giovane-della-storia-a-32-anni","status":"publish","type":"post","link":"https:\/\/www.europesays.com\/it\/580436\/","title":{"rendered":"Roma Primavera, Mattia Scala nuovo allenatore: \u00e8 il pi\u00f9 giovane della storia a 32 anni"},"content":{"rendered":"<p>                                Figlio di Vito, storico factotum e preparatore di Francesco, il 32enne \u00e8 stato promosso dopo cinque anni di gavetta nel vivaio giallorosso: dall&#8217;Under 14 fino alla Primavera<\/p>\n<p class=\"paragraph\" spellcheck=\"true\">Una scalata improvvisa, stavolta \u00e8 proprio il caso di dirlo. Mattia Scala, infatti, \u00e8 il nuovo allenatore della Roma Primavera e a soli 32 anni sar\u00e0 il tecnico pi\u00f9 giovane della storia giallorossa a questi livelli. Una scelta arrivata direttamente da Massimo Margiotta, neo responsabile del settore giovanile dopo l\u2019addio di Bruno Conti che ha voluto rafforzare le risorse interne anzich\u00e9 inseguire le candidature di profili esterni. Il cognome, ovviamente, \u00e8 familiare ai tifosi giallorossi e non solo. Mattia, infatti, \u00e8 figlio di Vito lo storico preparatore e factotum di Francesco Totti sia alla Roma che in Nazionale. Nonch\u00e9 attuale dirigente della Roma. Scala junior \u00e8 cresciuto a Trigoria al fianco del pap\u00e0 e con le attenzioni di campioni come De Rossi, Montella  e lo stesso Totti per il quale Mattia \u00e8 come un altro figlio. Chi pensa a qualche sorta di favoritismo, per\u00f2, si sbaglia di grosso.<\/p>\n<p>        la scalata\u2014 \u00a0<\/p>\n<p class=\"paragraph\" spellcheck=\"true\">Perch\u00e9 Mattia Scala il successo se l\u2019\u00e8  costruito da solo in questi anni. La carriera del 32enne (che prender\u00e0 il posto dell\u2019esonerato Guidi)  in giallorosso \u00e8 iniziata cinque anni fa con la panchina dell\u2019Under 14. Da quel momento il tecnico ha seguito un percorso lineare e progressivo, attraversando quasi tutte le categorie del vivaio della Roma e contribuendo alla formazione di tanti prospetti interessanti come Terlizzi, Sugamele e Panico. Dopo l\u2019esperienza con l\u2019Under 14  \u00e8 arrivata quella con l\u2019Under 15 (con cui vince lo scudetto), quindi il passaggio all\u2019Under 16 e, successivamente, la guida dell\u2019Under 18. Ogni stagione ha rappresentato un tassello di crescita, permettendogli di approfondire la conoscenza dei metodi di lavoro adottati dal club e di confrontarsi con gruppi di et\u00e0 differenti. La societ\u00e0 ha cos\u00ec avuto modo di valutarne le qualit\u00e0 tecniche, organizzative e gestionali, fino alla decisione di affidargli la Primavera che un tempo fu di Alberto De Rossi e che rappresenta l\u2019ultimo passaggio di crescita prima del grande salto in prima squadra.<\/p>\n<p><a class=\"is-partner-link\" href=\"https:\/\/abbonamenti.gazzetta.it\/de-promo-mondiali\/?pwcmp=cta&amp;forceBrowser=true\" rel=\"nofollow noopener\" target=\"_blank\">Gazzetta Mondiale: ogni notte un\u2019edizione straordinaria esclusiva. Non perdertela, abbonati a 1\u20ac\/mese!<\/a><\/p>\n<p>        il record\u2014 \u00a0<\/p>\n<p class=\"paragraph\" spellcheck=\"true\">Una mossa ufficializzata da Margiotta che ha dato l\u2019addio all\u2019Hellas Verona e che ha gi\u00e0 lavorato al fianco del ds Tony D\u2019Amico. Ma la scelta era stata gi\u00e0 presa in considerazione dallo stesso Conti con cui Scala ha un rapporto fortissimo.  A rendere la scelta ancora pi\u00f9 significativa \u00e8 il dato anagrafico. A 32 anni, Scala diventa il pi\u00f9 giovane allenatore della storia della Primavera della Roma. Il dato lo inserisce anche dentro una classifica pi\u00f9 ampia del campionato: davanti a lui, tra i pi\u00f9 giovani di sempre, ci sono Augusto con la Sampdoria nel 2017, Abascal con l&#8217;Ascoli nel 2020 e Bubnjic con l&#8217;Udinese nel 2024. Scala si piazza subito dopo, anticipando anche Federico Coppitelli, che nel 2017 guid\u00f2 il Torino Primavera. Ora tocca a Scala, per la felicit\u00e0 di pap\u00e0 Vito.<\/p>\n<p class=\"is-copyright\">\u00a9 RIPRODUZIONE RISERVATA<\/p>\n","protected":false},"excerpt":{"rendered":"Figlio di Vito, storico factotum e preparatore di Francesco, il 32enne \u00e8 stato promosso dopo cinque anni di&hellip;\n","protected":false},"author":3,"featured_media":580437,"comment_status":"","ping_status":"","sticky":false,"template":"","format":"standard","meta":{"footnotes":"","_share_on_mastodon":"0"},"categories":[1452],"tags":[2983,1960,6315,721,631,1411,1307,3071,319624,1277,277,9508,236158,3964,2716,319625,319626,1740,1250,5288,229,1537,90,89,5637,319623,4400,987,13552,1360,1739,245,244,3375,9998,4315,124099],"class_list":["post-580436","post","type-post","status-publish","format-standard","has-post-thumbnail","category-calcio","tag-addio","tag-allenatore","tag-arrivata","tag-calcio","tag-cinque","tag-conti","tag-crescita","tag-cresciuto","tag-cresciuto-trigoria","tag-dato","tag-de","tag-de-rossi","tag-factotum","tag-fianco","tag-figlio","tag-figlio-vito","tag-figlio-vito-storico","tag-football","tag-francesco","tag-giallorosso","tag-giovane","tag-it","tag-italia","tag-italy","tag-mattia","tag-mattia-scala","tag-primavera","tag-roma","tag-scala","tag-scelta","tag-soccer","tag-sport","tag-sports","tag-tecnico","tag-totti","tag-under","tag-vito"],"share_on_mastodon":{"url":"https:\/\/pubeurope.com\/@it\/116902924706800026","error":""},"_links":{"self":[{"href":"https:\/\/www.europesays.com\/it\/wp-json\/wp\/v2\/posts\/580436","targetHints":{"allow":["GET"]}}],"collection":[{"href":"https:\/\/www.europesays.com\/it\/wp-json\/wp\/v2\/posts"}],"about":[{"href":"https:\/\/www.europesays.com\/it\/wp-json\/wp\/v2\/types\/post"}],"author":[{"embeddable":true,"href":"https:\/\/www.europesays.com\/it\/wp-json\/wp\/v2\/users\/3"}],"replies":[{"embeddable":true,"href":"https:\/\/www.europesays.com\/it\/wp-json\/wp\/v2\/comments?post=580436"}],"version-history":[{"count":0,"href":"https:\/\/www.europesays.com\/it\/wp-json\/wp\/v2\/posts\/580436\/revisions"}],"wp:featuredmedia":[{"embeddable":true,"href":"https:\/\/www.europesays.com\/it\/wp-json\/wp\/v2\/media\/580437"}],"wp:attachment":[{"href":"https:\/\/www.europesays.com\/it\/wp-json\/wp\/v2\/media?parent=580436"}],"wp:term":[{"taxonomy":"category","embeddable":true,"href":"https:\/\/www.europesays.com\/it\/wp-json\/wp\/v2\/categories?post=580436"},{"taxonomy":"post_tag","embeddable":true,"href":"https:\/\/www.europesays.com\/it\/wp-json\/wp\/v2\/tags?post=580436"}],"curies":[{"name":"wp","href":"https:\/\/api.w.org\/{rel}","templated":true}]}}