{"id":580461,"date":"2026-07-11T19:37:12","date_gmt":"2026-07-11T19:37:12","guid":{"rendered":"https:\/\/www.europesays.com\/it\/580461\/"},"modified":"2026-07-11T19:37:12","modified_gmt":"2026-07-11T19:37:12","slug":"maldini-nuovo-direttore-tecnico-della-figc","status":"publish","type":"post","link":"https:\/\/www.europesays.com\/it\/580461\/","title":{"rendered":"Maldini nuovo direttore tecnico della Figc"},"content":{"rendered":"<p>                                La leggenda del Milan e della Nazionale ha accettato la proposta del nuovo presidente federale Malag\u00f2: contratto di quattro anni. Il brasiliano avr\u00e0 il ruolo di advisor<\/p>\n<p class=\"paragraph\" spellcheck=\"true\">Paolo Maldini ha detto s\u00ec. Dopo una lunga attesa, l&#8217;ex Milan ha accettato la proposta del nuovo presidente della Figc Giovanni Malag\u00f2, per un ruolo mai visto prima in Federazione che segna una svolta importante rispetto al passato. Diventer\u00e0 infatti\u00a0direttore tecnico e presidente del Club Italia, un compito di grande responsabilit\u00e0 perch\u00e9 contribuir\u00e0 in modo concreto e attivo non solo alla scelta del nuovo ct, ma alla gestione dell&#8217;intera filiera azzurra. Con Maldini a sorpresa arriver\u00e0 anche Leonardo nella qualit\u00e0 di advisor.\u00a0<\/p>\n<p>        il contratto\u2014 \u00a0<\/p>\n<p class=\"paragraph\" spellcheck=\"true\">Il progetto \u00e8 quello di rilanciare la Nazionale, partendo dal prossimo Mondiale. Anche per questo Maldini ha firmato un contratto di quattro anni, con condizioni economiche vantaggiose per la Federazione. Adesso Maldini e Leonardo inizieranno a discutere del ct: occorrer\u00e0 capire se i nomi circolati finora e graditi a Malag\u00f2 soddisfino anche loro.<\/p>\n<p>        malag\u00f2 sorride\u2014 \u00a0<\/p>\n<p class=\"paragraph\" spellcheck=\"true\">Il presidente \u00e8 ovviamente soddisfattissimo: &#8220;La verit\u00e0 \u00e8 che Maldini era da sempre il mio obiettivo &#8211; ha detto al Tg2 post -, ho sempre pensato che potesse essere la persona giusta per sovrintendere il settore tecnico della Figc, che non implica solo la nazionale maggiore ma tutta la filiera delle nazionali giovanili. Abbiamo portato avanti in due settimane i progetti che sono entrati nello specifico e Paolo da subito mi aveva detto che sarebbe stato felice di coinvolgere Leonardo come consulente, perch\u00e9 il lavoro \u00e8 tanto, impegnativo e sfidante. Sono contento, perch\u00e9 ho una stima profonda di Leonardo. Sono due facce della stessa medaglia, c&#8217;\u00e8 un impegno di quattro anni che deve portarci da qui al 2030 al Mondiale prossimo, passando per un Europeo&#8221;. E sul ct: &#8220;Non ho voluto sentire nessuno perch\u00e9 \u00e8 giusto condividere insieme la scelta del prossimo allenatore della Nazionale&#8221;.<\/p>\n","protected":false},"excerpt":{"rendered":"La leggenda del Milan e della Nazionale ha accettato la proposta del nuovo presidente federale Malag\u00f2: contratto di&hellip;\n","protected":false},"author":3,"featured_media":575007,"comment_status":"","ping_status":"","sticky":false,"template":"","format":"standard","meta":{"footnotes":"","_share_on_mastodon":"0"},"categories":[1452],"tags":[8398,35107,319639,20908,721,554,11646,6693,5886,5260,23067,17967,1740,1537,90,89,6775,63425,20361,135,4262,1739,245,244],"class_list":["post-580461","post","type-post","status-publish","format-standard","has-post-thumbnail","category-calcio","tag-accettato","tag-accettato-proposta","tag-accettato-proposta-presidente","tag-advisor","tag-calcio","tag-club","tag-club-italia","tag-contratto","tag-ct","tag-federazione","tag-figc","tag-filiera","tag-football","tag-it","tag-italia","tag-italy","tag-leonardo","tag-malago","tag-maldini","tag-presidente","tag-prossimo","tag-soccer","tag-sport","tag-sports"],"share_on_mastodon":{"url":"https:\/\/pubeurope.com\/@it\/116903034788883520","error":""},"_links":{"self":[{"href":"https:\/\/www.europesays.com\/it\/wp-json\/wp\/v2\/posts\/580461","targetHints":{"allow":["GET"]}}],"collection":[{"href":"https:\/\/www.europesays.com\/it\/wp-json\/wp\/v2\/posts"}],"about":[{"href":"https:\/\/www.europesays.com\/it\/wp-json\/wp\/v2\/types\/post"}],"author":[{"embeddable":true,"href":"https:\/\/www.europesays.com\/it\/wp-json\/wp\/v2\/users\/3"}],"replies":[{"embeddable":true,"href":"https:\/\/www.europesays.com\/it\/wp-json\/wp\/v2\/comments?post=580461"}],"version-history":[{"count":0,"href":"https:\/\/www.europesays.com\/it\/wp-json\/wp\/v2\/posts\/580461\/revisions"}],"wp:featuredmedia":[{"embeddable":true,"href":"https:\/\/www.europesays.com\/it\/wp-json\/wp\/v2\/media\/575007"}],"wp:attachment":[{"href":"https:\/\/www.europesays.com\/it\/wp-json\/wp\/v2\/media?parent=580461"}],"wp:term":[{"taxonomy":"category","embeddable":true,"href":"https:\/\/www.europesays.com\/it\/wp-json\/wp\/v2\/categories?post=580461"},{"taxonomy":"post_tag","embeddable":true,"href":"https:\/\/www.europesays.com\/it\/wp-json\/wp\/v2\/tags?post=580461"}],"curies":[{"name":"wp","href":"https:\/\/api.w.org\/{rel}","templated":true}]}}