{"id":580465,"date":"2026-07-11T19:41:18","date_gmt":"2026-07-11T19:41:18","guid":{"rendered":"https:\/\/www.europesays.com\/it\/580465\/"},"modified":"2026-07-11T19:41:18","modified_gmt":"2026-07-11T19:41:18","slug":"la-promessa-la-doppia-vita-di-ibrahim-al-shami-adriano-nella-serie","status":"publish","type":"post","link":"https:\/\/www.europesays.com\/it\/580465\/","title":{"rendered":"La Promessa, la &#8220;doppia vita&#8221; di Ibrahim Al Shami, Adriano nella serie"},"content":{"rendered":"<p>                        <img loading=\"lazy\" decoding=\"async\" src=\"https:\/\/www.europesays.com\/it\/wp-content\/uploads\/2026\/07\/c2d3d2ed4068d432f7db79843f07203f.jpg\" alt=\"Ibrahim Al Shami, 31 anni\" class=\"articlePreview__img\"\/><\/p>\n<p class=\"article__imageInfoText\">\n                      Ibrahim Al Shami, 31 anni\n                    <\/p>\n<p>\n                          31enne, sivigliano di padre siriano, Ibrahim Al Shami \u00e8 Adriano, uno dei personaggi pi\u00f9 amati della serie spagnola La promessa, su Rete4. Entrambi hanno una sorta di doppia vita, la capacit\u00e0 di far convivere due mondi. Adriano \u00e8 in equilibrio tra le origini contadine e la nuova nobilit\u00e0. Ibrahim si muove tra musica e recitazione.\n                        <\/p>\n<p>                        Ibrahim Al Shami \u00e8 Adriano ne La PromessaQuando qualche mese fa il giovane mezzadro Adriano Garc\u00eda ha fatto irruzione nella vita di Catalina de Luj\u00e1n, nessuno avrebbe mai pensato alla piega presa dagli eventi. La passione che li ha travolti, nonostante le diverse origini sociali. Lui umile contadino, lei aristocratica gentile. L&#8217;aperta ostilit\u00e0 che hanno dovuto affrontare, soprattutto da parte della Marchesa Cruz e del barone Valladares. Poi la drammatica nascita dei gemelli e il segreto della loro paternit\u00e0, rivelato da Catalina, stanca delle menzogne. E, dopo le inevitabili nozze, l&#8217;eroico atto di Adriano, che salva la vita a don Lisandro, venendo per questo nominato conte di Garc\u00eda y Luj\u00e1n. Cos\u00ec si compie il destino di Adriano, che si muove tra due mondi: quello contadino da cui proviene e quello aristocratico in cui entra. Un equilibrio difficile, che lui affronta con pazienza e resilienza, non nascondendo la sua profonda emotivit\u00e0 e l&#8217;insicurezza derivante dalla sua nuova situazione sociale.<\/p>\n<p>                                                  Il successo come DJ di musica HouseUna convivenza tra due mondi che Adriano ha in comune con Ibrahim Al Shami. A sorpresa, l&#8217;attore \u00e8 un apprezzato DJ e produttore e si divide tra le sue due passioni. La sua carriera musicale \u00e8 iniziata una decina di anni fa, nell&#8217;orbita della musica elettronica. Ibrahim ha suonato in diversi festival spagnoli e ha un proprio profilo su Spotify. In particolare ama le sonorit\u00e0 europee e mediterranee, con influenze legate alla sua Andalusia. I suoi ricordi e la sua terra sono infatti la principale fonte di ispirazione, per questo ha dedicato diversi brani alle localit\u00e0 balneari andaluse. Sebbene la recitazione occupi adesso la maggior parte del suo tempo, la musica \u00e8 sempre parte della sua identit\u00e0 artistica. Questa doppia vita \u00e8 una delle poche cose che ha in comune con Adriano: \u00abIl nostro modo di intendere l&#8217;amore \u00e8 molto diverso\u00bb assicura ridendo.<\/p>\n","protected":false},"excerpt":{"rendered":"Ibrahim Al Shami, 31 anni 31enne, sivigliano di padre siriano, Ibrahim Al Shami \u00e8 Adriano, uno dei personaggi&hellip;\n","protected":false},"author":3,"featured_media":580466,"comment_status":"","ping_status":"","sticky":false,"template":"","format":"standard","meta":{"footnotes":"","_share_on_mastodon":"0"},"categories":[1444],"tags":[11563,2382,26371,393,319642,59111,34999,319643,277,2391,111560,319644,2215,434,203,9606,44470,14120,319640,319645,204,1537,90,89,99734,65102,319646,1539,15182,319641,253],"class_list":["post-580465","post","type-post","status-publish","format-standard","has-post-thumbnail","category-tv","tag-adriano","tag-attore","tag-catalina","tag-comune","tag-comune-adriano","tag-contadino","tag-convivenza","tag-convivenza-mondi","tag-de","tag-diversi","tag-divide","tag-divide-passioni","tag-dj","tag-doppia","tag-entertainment","tag-equilibrio","tag-garcia","tag-ibrahim","tag-ibrahim-shami","tag-ibrahim-shami-adriano","tag-intrattenimento","tag-it","tag-italia","tag-italy","tag-lujan","tag-mondi","tag-mondi-adriano","tag-musica","tag-recitazione","tag-shami","tag-tv"],"share_on_mastodon":{"url":"https:\/\/pubeurope.com\/@it\/116903050977452175","error":""},"_links":{"self":[{"href":"https:\/\/www.europesays.com\/it\/wp-json\/wp\/v2\/posts\/580465","targetHints":{"allow":["GET"]}}],"collection":[{"href":"https:\/\/www.europesays.com\/it\/wp-json\/wp\/v2\/posts"}],"about":[{"href":"https:\/\/www.europesays.com\/it\/wp-json\/wp\/v2\/types\/post"}],"author":[{"embeddable":true,"href":"https:\/\/www.europesays.com\/it\/wp-json\/wp\/v2\/users\/3"}],"replies":[{"embeddable":true,"href":"https:\/\/www.europesays.com\/it\/wp-json\/wp\/v2\/comments?post=580465"}],"version-history":[{"count":0,"href":"https:\/\/www.europesays.com\/it\/wp-json\/wp\/v2\/posts\/580465\/revisions"}],"wp:featuredmedia":[{"embeddable":true,"href":"https:\/\/www.europesays.com\/it\/wp-json\/wp\/v2\/media\/580466"}],"wp:attachment":[{"href":"https:\/\/www.europesays.com\/it\/wp-json\/wp\/v2\/media?parent=580465"}],"wp:term":[{"taxonomy":"category","embeddable":true,"href":"https:\/\/www.europesays.com\/it\/wp-json\/wp\/v2\/categories?post=580465"},{"taxonomy":"post_tag","embeddable":true,"href":"https:\/\/www.europesays.com\/it\/wp-json\/wp\/v2\/tags?post=580465"}],"curies":[{"name":"wp","href":"https:\/\/api.w.org\/{rel}","templated":true}]}}