{"id":580541,"date":"2026-07-11T21:06:25","date_gmt":"2026-07-11T21:06:25","guid":{"rendered":"https:\/\/www.europesays.com\/it\/580541\/"},"modified":"2026-07-11T21:06:25","modified_gmt":"2026-07-11T21:06:25","slug":"ed-westwick-rifarei-gossip-girl-ma-nella-versione-italiana-non-mi-riconosco-chuck-non-parla-cosi-oggi-sto-imparando-a-fare-il-padre-sarebbe-noioso-fare-ancora-il-bad-boy","status":"publish","type":"post","link":"https:\/\/www.europesays.com\/it\/580541\/","title":{"rendered":"Ed Westwick: \u00abRifarei Gossip Girl, ma nella versione italiana non mi riconosco: Chuck non parla cos\u00ec. Oggi sto imparando a fare il padre, sarebbe noioso fare ancora il bad boy\u00bb"},"content":{"rendered":"<p class=\"has-dropcap body dropcap\">\u00abRifarei Gossip Girl, ma nella versione italiana non mi riconosco. Il mio personaggio non parla cos\u00ec\u00bb. L\u2019attore <strong>Ed Westwick<\/strong>, il bad boy delle serie televisive, famoso fin da ragazzo per il ruolo di Chuck Bass, viene nel nostro Paese per un premio e scopre dopo una ventina di anni com\u2019era doppiato da noi. Accolto da seimila fan all\u2019Outdoor Film Festival, diretto da Giuliano Squitieri a San Valentino Torio (in provincia di Salerno), il divo di Gossip Girl si dice disponibile a riprendere la produzione che lo ha lanciato in tutto il mondo. Parliamo con lui, anche di paternit\u00e0, prima dell\u2019incontro durante il quale gli viene consegnato il Taurus Award, in quanto riferimento per le nuove generazioni e per gli attori emergenti.<\/p>\n<p><strong>Ed Westwick, ci sar\u00e0 un sequel di Gossip Girl?<\/strong><br \/>\u00abL\u2019estate prossima, nel 2027, uscir\u00e0 un nuovo romanzo della saga. Racconter\u00e0 cosa \u00e8 accaduto, in questi vent\u2019anni, a Blair, il grande amore del mio personaggio. Quando c\u2019\u00e8 Blair, c\u2019\u00e8 anche Chuck. Ci sarebbero tante cose da dire su cosa \u00e8 successo dopo l\u2019ultima puntata. Sarebbe bello, sarebbe divertente, sarebbe possibile. Non ne so niente, ma perch\u00e9 no. Tutto pu\u00f2 accadere e faremmo felici i fan di Gossip Girl\u00bb.<\/p>\n<p><strong>Perch\u00e9 la serie continua a conquistare i giovani?<\/strong><br \/>\u00abGrazie allo streaming e ai social. Mi fanno ancora regali, lettere, braccialetti con il mio nome, che conservo in un cassetto di casa, ormai pieno. Ogni tanto lo apro, per ricordarmi della connessione con il pubblico\u00bb.<\/p>\n<p><strong>Non sapeva come fosse la sua voce italiana?<\/strong><br \/>\u00abChi l\u2019ha vista in inglese, sa che il mio Chuck Bass \u00e8 diverso, ha una voce riconoscibile, specifica, mentre il doppiatore italiano \u00e8 pi\u00f9 alto, ma \u00e8 riuscito, comunque, ad avere successo in Italia. Mi dispiace non parlare la vostra lingua\u00bb.<\/p>\n<p><strong>Ma \u00e8 italiano di adozione, a partire dal suo matrimonio.<\/strong><br \/>\u00abC\u2019\u00e8 una storia d\u2019amore a tre tra me, l\u2019Italia e mia moglie. Frequentavamo gi\u00e0 Milano per le Fashion Week e per altri impegni di lavoro. Una nostra amica italiana ci disse che, quando ci saremmo fidanzati, ci avrebbe presentato una sua amica wedding planner e ci saremmo sposati nel vostro Paese. Cos\u00ec \u00e8 stato. Il nostro matrimonio \u00e8 stato celebrato nel Castello di Rocca Cilento, due anni fa. Tre giorni di festa con le nostre famiglie e i nostri amici: \u00e8 stato bellissimo. L\u2019Italia \u00e8 la mia seconda casa. Vorrei venirci, con la mia famiglia, pi\u00f9 spesso\u00bb.<\/p>\n","protected":false},"excerpt":{"rendered":"\u00abRifarei Gossip Girl, ma nella versione italiana non mi riconosco. Il mio personaggio non parla cos\u00ec\u00bb. L\u2019attore Ed&hellip;\n","protected":false},"author":3,"featured_media":580542,"comment_status":"","ping_status":"","sticky":false,"template":"","format":"standard","meta":{"footnotes":"","_share_on_mastodon":"0"},"categories":[1444],"tags":[32940,203,204,1537,90,89,253],"class_list":["post-580541","post","type-post","status-publish","format-standard","has-post-thumbnail","category-tv","tag-ed-westwick","tag-entertainment","tag-intrattenimento","tag-it","tag-italia","tag-italy","tag-tv"],"share_on_mastodon":{"url":"https:\/\/pubeurope.com\/@it\/116903384846345401","error":""},"_links":{"self":[{"href":"https:\/\/www.europesays.com\/it\/wp-json\/wp\/v2\/posts\/580541","targetHints":{"allow":["GET"]}}],"collection":[{"href":"https:\/\/www.europesays.com\/it\/wp-json\/wp\/v2\/posts"}],"about":[{"href":"https:\/\/www.europesays.com\/it\/wp-json\/wp\/v2\/types\/post"}],"author":[{"embeddable":true,"href":"https:\/\/www.europesays.com\/it\/wp-json\/wp\/v2\/users\/3"}],"replies":[{"embeddable":true,"href":"https:\/\/www.europesays.com\/it\/wp-json\/wp\/v2\/comments?post=580541"}],"version-history":[{"count":0,"href":"https:\/\/www.europesays.com\/it\/wp-json\/wp\/v2\/posts\/580541\/revisions"}],"wp:featuredmedia":[{"embeddable":true,"href":"https:\/\/www.europesays.com\/it\/wp-json\/wp\/v2\/media\/580542"}],"wp:attachment":[{"href":"https:\/\/www.europesays.com\/it\/wp-json\/wp\/v2\/media?parent=580541"}],"wp:term":[{"taxonomy":"category","embeddable":true,"href":"https:\/\/www.europesays.com\/it\/wp-json\/wp\/v2\/categories?post=580541"},{"taxonomy":"post_tag","embeddable":true,"href":"https:\/\/www.europesays.com\/it\/wp-json\/wp\/v2\/tags?post=580541"}],"curies":[{"name":"wp","href":"https:\/\/api.w.org\/{rel}","templated":true}]}}