{"id":580565,"date":"2026-07-11T21:34:38","date_gmt":"2026-07-11T21:34:38","guid":{"rendered":"https:\/\/www.europesays.com\/it\/580565\/"},"modified":"2026-07-11T21:34:38","modified_gmt":"2026-07-11T21:34:38","slug":"il-vescovado-maiori-il-countdown-per-katy-perry-mentre-la-popstar-si-prepara-a-lucca-la-costiera-resta-il-palcoscenico-dei-giganti-del-mare","status":"publish","type":"post","link":"https:\/\/www.europesays.com\/it\/580565\/","title":{"rendered":"Il Vescovado &#8211; Maiori, il countdown per Katy Perry: mentre la popstar si prepara a Lucca, la Costiera resta il palcoscenico dei giganti del mare"},"content":{"rendered":"<p><img decoding=\"async\" class=\"full\" src=\"https:\/\/www.europesays.com\/it\/wp-content\/uploads\/2026\/07\/maiori-il-countdown-per-katy-perry-mentre-la-pop-374089.webp\" alt=\"\"\/><\/p>\n<p><a href=\"https:\/\/www.amalfiboats.it\" target=\"_blank\" rel=\"nofollow noopener\"><img decoding=\"async\" src=\"https:\/\/www.europesays.com\/it\/wp-content\/uploads\/2026\/03\/amalfi-boats-costiera-amalfitana-charter-noleggi-332.webp.webp\" alt=\"Amalfi Boats Costiera Amalfitana, Charter, Noleggio imbarcazioni, Luxury Boats, Positano, Li Galli, Capri, Escursioni\"\/><\/a><\/p>\n<p>Domenica 19 luglio <strong>Katy Perry<\/strong> salir\u00e0 sul palco delle Mura Storiche di <strong>Lucca<\/strong> per l&#8217;unica tappa italiana del suo tour, in un&#8217;estate che la vede reduce dal sold out di Bologna e proiettata verso il suo pubblico che la aspetta trepidante.<\/p>\n<p>A distanza di qualche centinaio di chilometri, nelle acque di Maiori, un altro protagonista dell&#8217;estate 2026 ha fatto ritorno silenzioso ma imponente: il <strong>Multiverse<\/strong>, il colosso dei mari lungo 116 metri firmato dal cantiere norvegese Kleven e consegnato al miliardario neozelandese <strong>Graeme Richard Hart<\/strong>, gi\u00e0 pi\u00f9 volte avvistato al largo della Torre Normanna nelle scorse stagioni.<\/p>\n<p><a href=\"https:\/\/www.amalficharter.it\" target=\"_blank\" rel=\"nofollow noopener\"><img decoding=\"async\" src=\"https:\/\/www.europesays.com\/it\/wp-content\/uploads\/2026\/03\/amalfi-charter-prenota-la-tua-escursione-via-mare-293.webp.webp\" alt=\"Amalfi Charter, prenota la tua escursione via mare in Costiera Amalfitana\"\/><\/a><\/p>\n<p>Non \u00e8 la prima volta che l&#8217;imbarcazione sceglie la Divina come rotta privilegiata, alternando soste tra Maiori, Positano, Capri e Positano e regalando ai bagnanti lo spettacolo insolito di una vera e propria citt\u00e0 galleggiante, con piscina, cinema, palestra e piattaforma per elicotteri, capace di ospitare fino a trenta ospiti a bordo di quindici cabine, assistiti da quarantotto membri di equipaggio.<\/p>\n<p>Il nome dello yacht, tra l&#8217;altro, non \u00e8 nuovo alle cronache del grande schermo: la sua sagoma \u00e8 stata pi\u00f9 volte accostata a produzioni internazionali di prestigio, alimentando negli anni la fama di un&#8217;imbarcazione che sembra uscita da un set cinematografico ancora prima che da un cantiere navale. \u00c8 proprio questa aura di mistero, unita alle dimensioni fuori scala, a far scattare puntualmente la curiosit\u00e0 di residenti e turisti ogni volta che il Multiverse getta l&#8217;ancora davanti alla costa.<\/p>\n<p>Chi ci sia effettivamente a bordo, in queste ore, resta un&#8217;incognita: la Costiera Amalfitana \u00e8 da sempre terra che attira il jet set internazionale, tra soste discrete e presenze mai confermate ufficialmente, e non \u00e8 raro che le voci si rincorrano pi\u00f9 veloci delle onde.<\/p>\n<p>Quel che \u00e8 certo \u00e8 che il calendario di luglio regala una curiosa coincidenza temporale: mentre l&#8217;attenzione mediatica nazionale si concentra su Lucca e sul concerto di una delle popstar pi\u00f9 amate al mondo, la Costiera continua a vivere la propria estate fatta di yacht monumentali, borghi illuminati e un fascino che non ha bisogno di conferme per restare protagonista. Sar\u00e0 un caso che rumors dagli Stati Uniti vorrebbero la star in vacanza proprio in Costa d&#8217;Amalfi?<\/p>\n<p>\u00a0<\/p>\n<p>Foto: <strong>Massimiliano D&#8217;Uva<\/strong><\/p>\n<p><b>Se sei arrivato fino a qui<\/b>, significa che apprezzi il nostro impegno nel fornire notizie libere e accessibili a tutti.<\/p>\n<p>Per garantire un ambiente sicuro per i nostri lettori, abbiamo rimosso tutta la pubblicit\u00e0 invasiva, i cookie e i tracciamenti di terze parti.<\/p>\n<p>Tuttavia, per continuare a offrirti un&#8217;informazione di qualit\u00e0, il tuo aiuto \u00e8 fondamentale. Anche un piccolo contributo pu\u00f2 fare la differenza.<\/p>\n<p>Sostieni <b>Il Vescovado!<\/b><\/p>\n<p>Scegli il tuo contributo con <img loading=\"lazy\" decoding=\"async\" src=\"https:\/\/www.europesays.com\/it\/wp-content\/uploads\/2025\/07\/logo-paypal.webp.webp\" width=\"128\" height=\"33\" alt=\"\"\/><\/p>\n","protected":false},"excerpt":{"rendered":"Domenica 19 luglio Katy Perry salir\u00e0 sul palco delle Mura Storiche di Lucca per l&#8217;unica tappa italiana del&hellip;\n","protected":false},"author":3,"featured_media":580566,"comment_status":"","ping_status":"","sticky":false,"template":"","format":"standard","meta":{"footnotes":"","_share_on_mastodon":"0"},"categories":[1443],"tags":[22444,22453,22456,8818,11693,200855,22454,6288,22457,203,626,22458,7889,204,1537,90,89,22451,22445,13750,1538,1539,15,477,22447,22450,22443,22452,22448,22446,22442,22455,13552,22441],"class_list":["post-580565","post","type-post","status-publish","format-standard","has-post-thumbnail","category-musica","tag-amalfi-news","tag-atrani","tag-attualit","tag-campania","tag-comunicazione","tag-costa-d39amalfi","tag-costa-di-amalfi","tag-costiera-amalfitana","tag-curiosit","tag-entertainment","tag-eventi","tag-il-vescovado","tag-informazione","tag-intrattenimento","tag-it","tag-italia","tag-italy","tag-maiori","tag-maiori-news","tag-minori","tag-music","tag-musica","tag-notizie","tag-politica","tag-portale-online-della-costa-di-amalfi","tag-positano","tag-positano-news","tag-praiano","tag-provincia-di-salerno","tag-quotidiano-on-line","tag-ravello-news","tag-ricorrenze","tag-scala","tag-vescovado"],"share_on_mastodon":{"url":"","error":"Validation failed: Text character limit of 500 exceeded"},"_links":{"self":[{"href":"https:\/\/www.europesays.com\/it\/wp-json\/wp\/v2\/posts\/580565","targetHints":{"allow":["GET"]}}],"collection":[{"href":"https:\/\/www.europesays.com\/it\/wp-json\/wp\/v2\/posts"}],"about":[{"href":"https:\/\/www.europesays.com\/it\/wp-json\/wp\/v2\/types\/post"}],"author":[{"embeddable":true,"href":"https:\/\/www.europesays.com\/it\/wp-json\/wp\/v2\/users\/3"}],"replies":[{"embeddable":true,"href":"https:\/\/www.europesays.com\/it\/wp-json\/wp\/v2\/comments?post=580565"}],"version-history":[{"count":0,"href":"https:\/\/www.europesays.com\/it\/wp-json\/wp\/v2\/posts\/580565\/revisions"}],"wp:featuredmedia":[{"embeddable":true,"href":"https:\/\/www.europesays.com\/it\/wp-json\/wp\/v2\/media\/580566"}],"wp:attachment":[{"href":"https:\/\/www.europesays.com\/it\/wp-json\/wp\/v2\/media?parent=580565"}],"wp:term":[{"taxonomy":"category","embeddable":true,"href":"https:\/\/www.europesays.com\/it\/wp-json\/wp\/v2\/categories?post=580565"},{"taxonomy":"post_tag","embeddable":true,"href":"https:\/\/www.europesays.com\/it\/wp-json\/wp\/v2\/tags?post=580565"}],"curies":[{"name":"wp","href":"https:\/\/api.w.org\/{rel}","templated":true}]}}