{"id":580605,"date":"2026-07-11T22:27:33","date_gmt":"2026-07-11T22:27:33","guid":{"rendered":"https:\/\/www.europesays.com\/it\/580605\/"},"modified":"2026-07-11T22:27:33","modified_gmt":"2026-07-11T22:27:33","slug":"beautiful-anticipazioni-dal-13-al-19-luglio-la-proposta-di-carter-a-hope-2","status":"publish","type":"post","link":"https:\/\/www.europesays.com\/it\/580605\/","title":{"rendered":"Beautiful, anticipazioni dal 13 al 19 luglio: la proposta di Carter a Hope"},"content":{"rendered":"<p>            La proposta  <\/p>\n<p>Mentre la linea di lingerie ispirata a Brooke Logan (Katherine Kelly Lang) continuer\u00e0 a trionfare dando nuovi motivi di orgoglio alla maison di moda Forrester Creation, soprattutto all&#8217;indomani di una colonna sonora della campagna pubblicitaria firmata da un famoso musicista, la Hope for The Future proseguir\u00e0 il suo declino tanto da far pensare alla sua chiusura definitiva. A tal punto Carter far\u00e0 una proposta a Hope, ovvero di creare una partnership tra la sua collezione e quella della madre e proporr\u00e0 a Hope, cos\u00ec come sua madre aveva fatto per la Brooke&#8217;s Bedroom, di diventare modella in prima persona della linea. <\/p>\n","protected":false},"excerpt":{"rendered":"La proposta Mentre la linea di lingerie ispirata a Brooke Logan (Katherine Kelly Lang) continuer\u00e0 a trionfare dando&hellip;\n","protected":false},"author":3,"featured_media":578521,"comment_status":"","ping_status":"","sticky":false,"template":"","format":"standard","meta":{"footnotes":"","_share_on_mastodon":"0"},"categories":[1444],"tags":[1518,16275,685,203,204,1537,90,89,73907,9060,9100,11579,33298,242,253],"class_list":["post-580605","post","type-post","status-publish","format-standard","has-post-thumbnail","category-tv","tag-anticipazioni","tag-beautiful","tag-canale-5","tag-entertainment","tag-intrattenimento","tag-it","tag-italia","tag-italy","tag-katherine-kelly-lang","tag-mediaset","tag-serie-tv","tag-soap","tag-soap-opera","tag-stati-uniti","tag-tv"],"share_on_mastodon":{"url":"https:\/\/pubeurope.com\/@it\/116903703276969805","error":""},"_links":{"self":[{"href":"https:\/\/www.europesays.com\/it\/wp-json\/wp\/v2\/posts\/580605","targetHints":{"allow":["GET"]}}],"collection":[{"href":"https:\/\/www.europesays.com\/it\/wp-json\/wp\/v2\/posts"}],"about":[{"href":"https:\/\/www.europesays.com\/it\/wp-json\/wp\/v2\/types\/post"}],"author":[{"embeddable":true,"href":"https:\/\/www.europesays.com\/it\/wp-json\/wp\/v2\/users\/3"}],"replies":[{"embeddable":true,"href":"https:\/\/www.europesays.com\/it\/wp-json\/wp\/v2\/comments?post=580605"}],"version-history":[{"count":0,"href":"https:\/\/www.europesays.com\/it\/wp-json\/wp\/v2\/posts\/580605\/revisions"}],"wp:featuredmedia":[{"embeddable":true,"href":"https:\/\/www.europesays.com\/it\/wp-json\/wp\/v2\/media\/578521"}],"wp:attachment":[{"href":"https:\/\/www.europesays.com\/it\/wp-json\/wp\/v2\/media?parent=580605"}],"wp:term":[{"taxonomy":"category","embeddable":true,"href":"https:\/\/www.europesays.com\/it\/wp-json\/wp\/v2\/categories?post=580605"},{"taxonomy":"post_tag","embeddable":true,"href":"https:\/\/www.europesays.com\/it\/wp-json\/wp\/v2\/tags?post=580605"}],"curies":[{"name":"wp","href":"https:\/\/api.w.org\/{rel}","templated":true}]}}