{"id":581008,"date":"2026-07-12T08:12:34","date_gmt":"2026-07-12T08:12:34","guid":{"rendered":"https:\/\/www.europesays.com\/it\/581008\/"},"modified":"2026-07-12T08:12:34","modified_gmt":"2026-07-12T08:12:34","slug":"roma-tresoldi-passi-avanti-la-strategia-giallorossa-per-il-colpo","status":"publish","type":"post","link":"https:\/\/www.europesays.com\/it\/581008\/","title":{"rendered":"Roma-Tresoldi, passi avanti: la strategia giallorossa per il colpo"},"content":{"rendered":"<p>                                Gasperini chiede fretta al club, c&#8217;\u00e8 da battere la concorrenza dell&#8217;Atletico Madrid per arrivare alla punta di origini italiane reduce da prolifiche esperienze in Germania e Belgio<\/p>\n<p class=\"paragraph\" spellcheck=\"true\">Tutte le strade del mercato riportano Nicol\u00f2 Tresoldi in Italia, con una direzione che sembra ormai tracciata: la Roma. Il centravanti italo-tedesco del Bruges, nato a Cagliari, \u00e8 nel mirino di Gian Piero Gasperini e del club giallorosso da mesi: \u00e8 stato seguito, monitorato, su di lui analisi e relazioni. E ora i tempi sono maturi per farne intanto il vice-Malen e poi il bomber del futuro. E la societ\u00e0 non vorrebbe aspettare nemmeno l\u2019uscita di Artem Dovbyk (che non rientra nei piani tattici) per evitare l\u2019inserimento di altre squadre, Atletico Madrid in primis, anche se bisogner\u00e0 lavorare attorno ad un tavolo per abbassare la richiesta da 30 milioni del club belga e inserire eventualmente la formula del prestito con diritto di riscatto.\u00a0<\/p>\n<p>        tresoldi, obiettivo roma\u2014 \u00a0<\/p>\n<p class=\"paragraph\" spellcheck=\"true\">\u00a0Tresoldi, del resto, ha in testa solo la Roma. Ha gi\u00e0 dato il suo gradimento e ne ha parlato anche con Niccol\u00f2 Pisilli: i due si sono conosciuti quando si sono affrontati con l\u2019Under 19 nel 2022 e sono rimasti in contatto. Il centravanti vuole riscoprire l\u2019Italia, dov\u2019\u00e8 nato, prima di trasferirsi in Germania ed essere un valore aggiunto nelle notti di Champions in cui ha lasciato tracce palpabili col Bruges. E la \u201cpromessa\u201d fatta a Gasp \u00e8 il grimaldello per venire a capo della trattativa, che dovrebbe registrare un\u2019accelerazione la prossima settimana (l\u2019attaccante ha pure gli stessi agenti di Can Uzun, trequartista turno dell\u2019Eintracht seguito dalla Roma). Anche perch\u00e9 il tecnico, se le condizioni lo permetteranno, vorrebbe avere l\u2019attaccante prima possibile per farlo lavorare in gruppo ed accorciarne i tempi di inserimento nella realt\u00e0 giallorossa.\u00a0<\/p>\n<p><a class=\"is-partner-link\" href=\"https:\/\/abbonamenti.gazzetta.it\/de-promo-mondiali\/?pwcmp=cta&amp;forceBrowser=true\" rel=\"nofollow noopener\" target=\"_blank\">Gazzetta Mondiale: ogni notte un\u2019edizione straordinaria esclusiva. Non perdertela, abbonati a 1\u20ac\/mese!<\/a><\/p>\n<p>        tresoldi, le caratteristiche\u2014 \u00a0<\/p>\n<p class=\"paragraph\" spellcheck=\"true\">Un centravanti moderno, Tresoldi, che per et\u00e0 e potenzialit\u00e0, \u00e8 stato messo in prima fila dai giallorossi. Considerato uno dei migliori giovani a livello europeo, con il gioco della Roma potrebbe compiere il grande salto. Figlio d\u2019arte (il padre Emanuele \u00e8 stato difensore dell\u2019Atalanta) e tennista mancato (\u00e8 amico di Flavio Cobolli), il centravanti \u00e8 uno di quegli elementi che a Gasp piacciono per rapidit\u00e0, dialogo nello stretto con i compagni e fiuto del gol. Dopo il boom nella Serie B tedesca con l\u2019Hannover, l\u2019attaccante ha proseguito la sua ascesa nel Bruges nel segno della continuit\u00e0. In totale 23 gol in 58 gare, di cui 10 giocate appunto in Champions (3 le reti) contro grandi club come Bayern Monaco, Barcellona, Arsenal e Atletico Madrid, proprio il club su cui la Roma ora vuole giocare ora d\u2019anticipo\u2026<\/p>\n<p class=\"is-copyright\">\u00a9 RIPRODUZIONE RISERVATA<\/p>\n","protected":false},"excerpt":{"rendered":"Gasperini chiede fretta al club, c&#8217;\u00e8 da battere la concorrenza dell&#8217;Atletico Madrid per arrivare alla punta di origini&hellip;\n","protected":false},"author":3,"featured_media":581009,"comment_status":"","ping_status":"","sticky":false,"template":"","format":"standard","meta":{"footnotes":"","_share_on_mastodon":"0"},"categories":[1452],"tags":[11697,235339,320034,3464,320035,320036,320037,5358,5022,562,590,721,12837,1969,554,1740,5593,5301,3044,5288,1976,8497,1537,90,89,3776,5382,2737,987,320033,1739,245,244,3971,89398,40604,4969],"class_list":["post-581008","post","type-post","status-publish","format-standard","has-post-thumbnail","category-calcio","tag-abbassare","tag-abbassare-richiesta","tag-abbassare-richiesta-club","tag-accelerazione","tag-accelerazione-prossima","tag-accelerazione-prossima-settimana","tag-accorciarne","tag-atletico","tag-atletico-madrid","tag-attaccante","tag-bruges","tag-calcio","tag-centravanti","tag-champions","tag-club","tag-football","tag-gasp","tag-gasperini","tag-germania","tag-giallorosso","tag-gol","tag-inserimento","tag-it","tag-italia","tag-italy","tag-lavorare","tag-madrid","tag-nato","tag-roma","tag-roma-tresoldi","tag-soccer","tag-sport","tag-sports","tag-tempi","tag-tresoldi","tag-vorrebbe","tag-vuole"],"share_on_mastodon":{"url":"https:\/\/pubeurope.com\/@it\/116906003713691016","error":""},"_links":{"self":[{"href":"https:\/\/www.europesays.com\/it\/wp-json\/wp\/v2\/posts\/581008","targetHints":{"allow":["GET"]}}],"collection":[{"href":"https:\/\/www.europesays.com\/it\/wp-json\/wp\/v2\/posts"}],"about":[{"href":"https:\/\/www.europesays.com\/it\/wp-json\/wp\/v2\/types\/post"}],"author":[{"embeddable":true,"href":"https:\/\/www.europesays.com\/it\/wp-json\/wp\/v2\/users\/3"}],"replies":[{"embeddable":true,"href":"https:\/\/www.europesays.com\/it\/wp-json\/wp\/v2\/comments?post=581008"}],"version-history":[{"count":0,"href":"https:\/\/www.europesays.com\/it\/wp-json\/wp\/v2\/posts\/581008\/revisions"}],"wp:featuredmedia":[{"embeddable":true,"href":"https:\/\/www.europesays.com\/it\/wp-json\/wp\/v2\/media\/581009"}],"wp:attachment":[{"href":"https:\/\/www.europesays.com\/it\/wp-json\/wp\/v2\/media?parent=581008"}],"wp:term":[{"taxonomy":"category","embeddable":true,"href":"https:\/\/www.europesays.com\/it\/wp-json\/wp\/v2\/categories?post=581008"},{"taxonomy":"post_tag","embeddable":true,"href":"https:\/\/www.europesays.com\/it\/wp-json\/wp\/v2\/tags?post=581008"}],"curies":[{"name":"wp","href":"https:\/\/api.w.org\/{rel}","templated":true}]}}