{"id":581014,"date":"2026-07-12T08:16:29","date_gmt":"2026-07-12T08:16:29","guid":{"rendered":"https:\/\/www.europesays.com\/it\/581014\/"},"modified":"2026-07-12T08:16:29","modified_gmt":"2026-07-12T08:16:29","slug":"la-promessa-anticipazioni-6-10-luglio-lorenzo-torna-alla-tenuta-curro-e-angela-tremano","status":"publish","type":"post","link":"https:\/\/www.europesays.com\/it\/581014\/","title":{"rendered":"La Promessa, anticipazioni 6-10 luglio: Lorenzo torna alla tenuta, Curro e Angela tremano"},"content":{"rendered":"<p>                Anticipazioni venerd\u00ec 10 luglio 2026 <\/p>\n<p>Catalina e Martina si presenteranno unite al confronto con il barone de Valladares. Le due donne proveranno a trovare un accordo, ma l\u2019incontro non porter\u00e0 subito al risultato sperato. Il barone continuer\u00e0 a mantenere una posizione rigida, rendendo evidente quanto la battaglia per i braccianti sia ancora lunga.<\/p>\n<p>Intanto Manuel comunicher\u00e0 a To\u00f1o ed Enora una novit\u00e0 molto importante: Farr\u00e8 gli ha offerto ventimila pesetas per la sua quota dell\u2019impresa. Per il marchesino sar\u00e0 una proposta da valutare con attenzione, perch\u00e9 potrebbe cambiare il futuro del suo progetto. Sul fronte della servit\u00f9, Crist\u00f3bal informer\u00e0 Pia e Ricardo della punizione che dovranno affrontare a causa della loro relazione. Quello che i due temevano diventer\u00e0 quindi realt\u00e0.<\/p>\n","protected":false},"excerpt":{"rendered":"Anticipazioni venerd\u00ec 10 luglio 2026 Catalina e Martina si presenteranno unite al confronto con il barone de Valladares.&hellip;\n","protected":false},"author":3,"featured_media":581015,"comment_status":"","ping_status":"","sticky":false,"template":"","format":"standard","meta":{"footnotes":"","_share_on_mastodon":"0"},"categories":[1444],"tags":[1518,199345,179238,89886,203,204,1537,90,89,116504,236215,9060,11099,44206,253],"class_list":["post-581014","post","type-post","status-publish","format-standard","has-post-thumbnail","category-tv","tag-anticipazioni","tag-anticipazioni-la-promessa","tag-anticipazioni-oggi","tag-anticipazioni-tv","tag-entertainment","tag-intrattenimento","tag-it","tag-italia","tag-italy","tag-la-promessa","tag-la-promessa-anticipazioni","tag-mediaset","tag-oggi-in-tv","tag-rete-4","tag-tv"],"share_on_mastodon":{"url":"https:\/\/pubeurope.com\/@it\/116906019171453277","error":""},"_links":{"self":[{"href":"https:\/\/www.europesays.com\/it\/wp-json\/wp\/v2\/posts\/581014","targetHints":{"allow":["GET"]}}],"collection":[{"href":"https:\/\/www.europesays.com\/it\/wp-json\/wp\/v2\/posts"}],"about":[{"href":"https:\/\/www.europesays.com\/it\/wp-json\/wp\/v2\/types\/post"}],"author":[{"embeddable":true,"href":"https:\/\/www.europesays.com\/it\/wp-json\/wp\/v2\/users\/3"}],"replies":[{"embeddable":true,"href":"https:\/\/www.europesays.com\/it\/wp-json\/wp\/v2\/comments?post=581014"}],"version-history":[{"count":0,"href":"https:\/\/www.europesays.com\/it\/wp-json\/wp\/v2\/posts\/581014\/revisions"}],"wp:featuredmedia":[{"embeddable":true,"href":"https:\/\/www.europesays.com\/it\/wp-json\/wp\/v2\/media\/581015"}],"wp:attachment":[{"href":"https:\/\/www.europesays.com\/it\/wp-json\/wp\/v2\/media?parent=581014"}],"wp:term":[{"taxonomy":"category","embeddable":true,"href":"https:\/\/www.europesays.com\/it\/wp-json\/wp\/v2\/categories?post=581014"},{"taxonomy":"post_tag","embeddable":true,"href":"https:\/\/www.europesays.com\/it\/wp-json\/wp\/v2\/tags?post=581014"}],"curies":[{"name":"wp","href":"https:\/\/api.w.org\/{rel}","templated":true}]}}