{"id":581221,"date":"2026-07-12T11:25:12","date_gmt":"2026-07-12T11:25:12","guid":{"rendered":"https:\/\/www.europesays.com\/it\/581221\/"},"modified":"2026-07-12T11:25:12","modified_gmt":"2026-07-12T11:25:12","slug":"eva-herzigova-sposa-a-torino-gregorio-marsiaj-dopo-25-anni-e-3-figli","status":"publish","type":"post","link":"https:\/\/www.europesays.com\/it\/581221\/","title":{"rendered":"Eva Herzigova sposa a Torino Gregorio Marsiaj dopo 25 anni e 3 figli"},"content":{"rendered":"<p>                                La cerimonia si \u00e8 svolta sabato 11 luglio a Torino, Jill Cooper e Francesca Barra tra gli ospiti<\/p>\n<p>                    12 luglio &#8211; 09:07  &#8211; MILANO<\/p>\n<p class=\"paragraph\" spellcheck=\"true\"><b>Eva Herzigov<\/b>\u00e1<b>\u00a0si \u00e8 sposata<\/b>. La top model ceca a 53 anni ha detto finalmente si all&#8217;imprenditore torinese <b>Gregorio Marsiaj <\/b>(49 anni) <b>dopo 25 anni d&#8217;amore e tre figli<\/b>. La cerimonia si \u00e8 svolta sabato pomeriggio, 11 luglio, nella Chiesa di San Vito a Torino. Le celebrazioni sono poi proseguite nella Sala Plebisciti del Palazzo Carignano, all&#8217;interno del Museo del Risorgimento.\u00a0<\/p>\n<p>        eva herzigova si \u00e8 sposata\u2014 \u00a0<\/p>\n<p class=\"paragraph\" spellcheck=\"true\">La festa nuziale di <b>Eva Herzigov<\/b>\u00e1<b>\u00a0e Gregorio Marsiaj <\/b>\u00e8 poi proseguita al <b>ristorante Del Cambio<\/b>, storico locale di Torino insignito con una stella Michlein, che ha per\u00f2 proposto un men\u00f9 dal sapore internazionale, come ha raccontato il Corriere della Sera di Torino, piuttosto che locale. Nonostante il forte vento e i fulmini che minacciavano tempesta, molti ospiti hanno raggiunto il ristorante a piedi dopo la cerimonia nel palazzo storico del centro di Torino. Presenti all&#8217;evento, ovviamente, i tre figli della coppia tra cui il maggiore, il diciannovenne George, che aveva un elegante vestito scuro caratterizzato da una cravatta color canarino. Nei giorni precedenti alla cerimonia si era sparsa la voce che potesse esserci anche Naomi Campbell, ma alla fine sembra che la collega top model non sia arrivata a Torino. Tra gli ospiti confermati erano presenti alla festa <b>Francesca Barra<\/b>, <b>Jill Cooper<\/b>, la modella Mariacarla Boscono, Marpessa Hennik.\u00a0<\/p>\n<p>        sposa in bianco\u2014 \u00a0<\/p>\n<p class=\"paragraph\" spellcheck=\"true\">Tanti i paparazzi e i curiosi presenti alla ricerca di qualche personaggio da fotografare. <b>Eva Herzigov<\/b>\u00e1<b>\u00a0<\/b>ha brillato avvolta da un abito bianco, con in mano un bouquet anche questo sulle note di bianco. Elegantissimo lo sposo <b>Gregorio Marsiaj<\/b>, figlio del fondatore e fondatore di Sabelt, Giorgio Marsiaj, presente alla cerimonia con la moglie Cornelia e l&#8217;altro figlio Massimiliano.<\/p>\n<p><a class=\"is-partner-link\" href=\"https:\/\/abbonamenti.gazzetta.it\/de-promo-mondiali\/?pwcmp=cta&amp;forceBrowser=true\" rel=\"nofollow noopener\" target=\"_blank\">Gazzetta Mondiale: ogni notte un\u2019edizione straordinaria esclusiva. Non perdertela, abbonati a 1\u20ac\/mese!<\/a><\/p>\n<p>        la storia d&#8217;amore\u2014 \u00a0<\/p>\n<p class=\"paragraph\" spellcheck=\"true\">Qualche giorno prima delle nozze, Herzigov\u00e1<b\/> ha pubblicato un <b>video su Instagram<\/b> in cui balla nella sua cucina di casa, ripresa dal compagno. &#8220;Porta fuori il meglio di me&#8221; \u00e8 la didascalia scelta dalla top model per accompagnare il video. Nata in Repubblica Ceca, Eva Herzigova \u00e8 diventata famosa grazie alla campagna Wonderbra, iniziando cos\u00ec a girare per le passerelle di tutto il mondo. In Italia ha raggiunto la celebrit\u00e0 grazie alla presenza accanto a <b>Raimondo Vianello e Veronica Pivetti <\/b>al<b> Festival di Sanremo del 1998<\/b>. Prima dell&#8217;incontro con Marsiaj, \u00e8 stata sposata dal 1996 al 1998 con Tico Torres batterista dei Bon Jovi. L&#8217;incontro tra la modella e il figlio del fondatore dell&#8217;azienda Sabelt, specializzata in sedili sportivi e sistemi di sicurezza per auto da competizione, \u00e8 avvenuto nel 2001. I due si sono conosciuti a Varigotti in Liguria e da allora non si sono pi\u00f9 lasciati. In 25 anni d&#8217;amore hanno avuto tre figli George, Philippe ed Edward, il pi\u00f9 piccolo di 12 anni.\u00a0<\/p>\n<p class=\"is-above-copyright is-mr-r-10\" spellcheck=\"true\">La Gazzetta dello Sport<\/p>\n<p class=\"is-copyright\">\u00a9 RIPRODUZIONE RISERVATA<\/p>\n","protected":false},"excerpt":{"rendered":"La cerimonia si \u00e8 svolta sabato 11 luglio a Torino, Jill Cooper e Francesca Barra tra gli ospiti&hellip;\n","protected":false},"author":3,"featured_media":581222,"comment_status":"","ping_status":"","sticky":false,"template":"","format":"standard","meta":{"footnotes":"","_share_on_mastodon":"0"},"categories":[1451],"tags":[87,320151,19141,6381,3668,1621,1620,818,320152,320153,19285,203,19922,37323,2217,2731,2716,320154,15291,5701,56827,131793,35102,204,1537,90,89,319240,17154,9424,3790,41787,3413,65466,1641],"class_list":["post-581221","post","type-post","status-publish","format-standard","has-post-thumbnail","category-celebrita","tag-amore","tag-amore-figli","tag-barra","tag-bianco","tag-ceca","tag-celebrita","tag-celebrities","tag-cerimonia","tag-cerimonia-svolta","tag-cerimonia-svolta-sabato","tag-cooper","tag-entertainment","tag-eva","tag-eva-herzigova","tag-festa","tag-figli","tag-figlio","tag-figlio-fondatore","tag-fondatore","tag-francesca","tag-gregorio","tag-gregorio-marsiaj","tag-herzigova","tag-intrattenimento","tag-it","tag-italia","tag-italy","tag-marsiaj","tag-model","tag-ospiti","tag-presenti","tag-sposata","tag-top","tag-top-model","tag-torino"],"share_on_mastodon":{"url":"https:\/\/pubeurope.com\/@it\/116906762327635727","error":""},"_links":{"self":[{"href":"https:\/\/www.europesays.com\/it\/wp-json\/wp\/v2\/posts\/581221","targetHints":{"allow":["GET"]}}],"collection":[{"href":"https:\/\/www.europesays.com\/it\/wp-json\/wp\/v2\/posts"}],"about":[{"href":"https:\/\/www.europesays.com\/it\/wp-json\/wp\/v2\/types\/post"}],"author":[{"embeddable":true,"href":"https:\/\/www.europesays.com\/it\/wp-json\/wp\/v2\/users\/3"}],"replies":[{"embeddable":true,"href":"https:\/\/www.europesays.com\/it\/wp-json\/wp\/v2\/comments?post=581221"}],"version-history":[{"count":0,"href":"https:\/\/www.europesays.com\/it\/wp-json\/wp\/v2\/posts\/581221\/revisions"}],"wp:featuredmedia":[{"embeddable":true,"href":"https:\/\/www.europesays.com\/it\/wp-json\/wp\/v2\/media\/581222"}],"wp:attachment":[{"href":"https:\/\/www.europesays.com\/it\/wp-json\/wp\/v2\/media?parent=581221"}],"wp:term":[{"taxonomy":"category","embeddable":true,"href":"https:\/\/www.europesays.com\/it\/wp-json\/wp\/v2\/categories?post=581221"},{"taxonomy":"post_tag","embeddable":true,"href":"https:\/\/www.europesays.com\/it\/wp-json\/wp\/v2\/tags?post=581221"}],"curies":[{"name":"wp","href":"https:\/\/api.w.org\/{rel}","templated":true}]}}