{"id":581251,"date":"2026-07-12T11:51:17","date_gmt":"2026-07-12T11:51:17","guid":{"rendered":"https:\/\/www.europesays.com\/it\/581251\/"},"modified":"2026-07-12T11:51:17","modified_gmt":"2026-07-12T11:51:17","slug":"guardiola-c-t-dellitalia-come-maldini-e-leonardo-possono-convincerlo","status":"publish","type":"post","link":"https:\/\/www.europesays.com\/it\/581251\/","title":{"rendered":"Guardiola c.t. dell&#8217;Italia: come Maldini e Leonardo possono convincerlo"},"content":{"rendered":"<p>                                Pep non ha mai nascosto di voler guidare una Nazionale e la questione economica potrebbe passare in secondo piano: per lui \u00e8 questione di sfide, e ce n&#8217;\u00e8 una in Europa che&#8230;<\/p>\n<p class=\"paragraph\" spellcheck=\"true\">Una suggestione che diventa idea e un\u2019idea che diventa una via da percorrere: Pep Guardiola sulla panchina azzurra. <a href=\"https:\/\/www.gazzetta.it\/Calcio\/Nazionale\/11-07-2026\/maldini-nuovo-direttore-tecnico-della-figc.shtml?intcmp=hyperlink-articolo-gazit\" title=\"Maldini ha detto s\u00ec: sar\u00e0 il nuovo dt azzurro e presidente del Club Italia. Con lui anche Leonardo\" target=\"_blank\" rel=\"nofollow noopener\">Maldini pi\u00f9 Leonardo<\/a>, a loro il testimone per disegnare il futuro di una Nazionale con il fiato corto, cortissimo, ma con la missione di riprendersi il suo spazio nel mondo: una direzione tecnica che non abbiamo mai avuto e che, ora, \u00e8 tra le mani di due profili dalle conoscenze e competenze altissime. E, allora? Allora perch\u00e9 non Guardiola, maestro nelle rivoluzioni, maestro riconosciuto ad ogni latitudine.\u00a0<\/p>\n<p>        i conti non tornano\u2014 \u00a0<\/p>\n<p class=\"paragraph\" spellcheck=\"true\">Ma come \u00e8 possibile attrarre a noi un allenatore che, nell\u2019ultima curva a Manchester, casa City, ha fatto spendere al club inglese 24,8 milioni lordi di stipendio? L\u2019aiuto delle societ\u00e0 di Serie A, gi\u00e0 annunciato, qui non c\u2019entra niente perch\u00e9 seppur decise a dare un contributo economico all\u2019ingaggio del nuovo commissario tecnico pensare a uno sforzo che sposti qualcosa \u00e8 fuori logica. Qui c\u2019entra la persona, anzi\u2026le persone: un dialogo tra chi si capisce e che mette il pallone al centro del ring. Guardiola non ha mai nascosto il piacere di guidare una Nazionale, prima o poi: questo sembra il momento del prima. E se prova piacere, Pep pu\u00f2 anche andare oltre i conti, i suoi: piacere, per lui, significa accettare una sfida e vincerla. Parlare di cifre ha poco senso se il punto di partenza \u00e8 il pianeta Manchester, parlare di calcio ne ha molto di pi\u00f9: tra signori \u2013 Maldini, Leonardo, Pep \u2013 i tasti che vengono toccati, a volte, sparigliano i giochi gi\u00e0 scritti.\u00a0<\/p>\n<p>        italia-germania\u2014 \u00a0<\/p>\n<p class=\"paragraph\" spellcheck=\"true\">D\u2019altronde se di sfide si tratta, eccone una molto profonda: Jurgen Klopp ha detto s\u00ec alla Germania e Klopp-Guardiola sarebbe il rinnovarsi di qualcosa che \u00e8 stato e che potrebbe essere in una dimensione diversa, nuova, inedita, la pi\u00f9 grande perch\u00e9 grandi sono Germania e Italia. A Maldini e Leonardo le cose banali non sono mai piaciute: la suggestione Guardiola pu\u00f2 mettersi un abito imprevedibile e imprevisto. Per noi sarebbe una boccata d\u2019aria fresca mai tanto necessaria.<\/p>\n","protected":false},"excerpt":{"rendered":"Pep non ha mai nascosto di voler guidare una Nazionale e la questione economica potrebbe passare in secondo&hellip;\n","protected":false},"author":3,"featured_media":581252,"comment_status":"","ping_status":"","sticky":false,"template":"","format":"standard","meta":{"footnotes":"","_share_on_mastodon":"0"},"categories":[1452],"tags":[7730,320165,320166,721,1411,12028,1740,3044,8631,13968,128,1537,90,89,95727,6775,15263,20361,320008,5364,49191,5775,157411,17736,860,8445,1739,245,244,19764],"class_list":["post-581251","post","type-post","status-publish","format-standard","has-post-thumbnail","category-calcio","tag-abito","tag-abito-imprevedibile","tag-abito-imprevedibile-imprevisto","tag-calcio","tag-conti","tag-entra","tag-football","tag-germania","tag-guardiola","tag-guidare","tag-idea","tag-it","tag-italia","tag-italy","tag-klopp","tag-leonardo","tag-maestro","tag-maldini","tag-maldini-leonardo","tag-manchester","tag-nascosto","tag-parlare","tag-pep","tag-piacere","tag-questione","tag-sfide","tag-soccer","tag-sport","tag-sports","tag-suggestione"],"share_on_mastodon":{"url":"https:\/\/pubeurope.com\/@it\/116906864561902273","error":""},"_links":{"self":[{"href":"https:\/\/www.europesays.com\/it\/wp-json\/wp\/v2\/posts\/581251","targetHints":{"allow":["GET"]}}],"collection":[{"href":"https:\/\/www.europesays.com\/it\/wp-json\/wp\/v2\/posts"}],"about":[{"href":"https:\/\/www.europesays.com\/it\/wp-json\/wp\/v2\/types\/post"}],"author":[{"embeddable":true,"href":"https:\/\/www.europesays.com\/it\/wp-json\/wp\/v2\/users\/3"}],"replies":[{"embeddable":true,"href":"https:\/\/www.europesays.com\/it\/wp-json\/wp\/v2\/comments?post=581251"}],"version-history":[{"count":0,"href":"https:\/\/www.europesays.com\/it\/wp-json\/wp\/v2\/posts\/581251\/revisions"}],"wp:featuredmedia":[{"embeddable":true,"href":"https:\/\/www.europesays.com\/it\/wp-json\/wp\/v2\/media\/581252"}],"wp:attachment":[{"href":"https:\/\/www.europesays.com\/it\/wp-json\/wp\/v2\/media?parent=581251"}],"wp:term":[{"taxonomy":"category","embeddable":true,"href":"https:\/\/www.europesays.com\/it\/wp-json\/wp\/v2\/categories?post=581251"},{"taxonomy":"post_tag","embeddable":true,"href":"https:\/\/www.europesays.com\/it\/wp-json\/wp\/v2\/tags?post=581251"}],"curies":[{"name":"wp","href":"https:\/\/api.w.org\/{rel}","templated":true}]}}