{"id":581405,"date":"2026-07-12T14:11:17","date_gmt":"2026-07-12T14:11:17","guid":{"rendered":"https:\/\/www.europesays.com\/it\/581405\/"},"modified":"2026-07-12T14:11:17","modified_gmt":"2026-07-12T14:11:17","slug":"la-televisione-del-daytime-costruita-tra-abitudine-e-ritualita","status":"publish","type":"post","link":"https:\/\/www.europesays.com\/it\/581405\/","title":{"rendered":"La televisione del daytime costruita tra abitudine e ritualit\u00e0"},"content":{"rendered":"<p class=\"chapter-paragraph\">D\u2019estate la televisione resta (forse) pi\u00f9 \u00abaccesa\u00bb nel daytime (ovvero durante la giornata) che nella prima serata (al netto dei Mondiali di calcio, vero fenomeno estivo in termini di ascolti, anche l\u2019altra sera con Francia \u2013 Marocco a 7,3 milioni per il primo tempo, e di Temptation Island). Programmi in edizione estiva oppure proposte in parte nuove o rinnovate caratterizzano l\u2019offerta della giornata, a cominciare dalla mattina. \u00c8 opportuno ricordare che, nella fascia mattutina, oltre quattro milioni e mezzo di italiani trovano compagnia, informazione e approfondimento fra le reti lineari di Rai, Mediaset, La7 e le altre. Sono iniziati, come si diceva, le versioni estive o i programmi nuovi pensati per l\u2019estate, che devono anche tenere sotto controllo i costi. Fra questi, Morning News in onda su Canale 5 con la conduzione di Dario Maltese prende il posto di Mattino Cinque, affidato durante l\u2019anno alla doppia conduzione di Federica Panicucci e Francesco Vecchi. Il confronto della mattina estiva \u00e8 con Unomattina, nell\u2019edizione condotta da Alessandro Greco e Carolina Rey. Morning News, due ore di approfondimento giornalistico fra cronaca, politica e costume, mostra segni di crescita evidente rispetto alla scorsa stagione dello scorso anno (quando part\u00ec a fine giugno): quest\u2019anno la trasmissione raggiunge il 22% di share, un dato decisamente superiore alla media di rete (850 mila spettatori medi dalla partenza, anticipata quest\u2019anno il 4 giugno). Si tratta di un pubblico equilibrato fra uomini e donne, con un picco importante sul target giovane (25-34 anni) del 35% di share, che non lascia indietro il pubblico pi\u00f9 anziano (23% di share). Pi\u00f9 tradizionale la formula (e il pubblico) di Unomattina su Rai1, che (nel confronto omogeno, ovvero dal 4 giugno) raccoglie il 19,4% di share (753 mila spettatori medi): premianti sono, in questo caso, gli spettatori con pi\u00f9 di 65 anni (24,5% di share), con una netta prevalenza femminile (21,9% di share sul target). La tv, ancor pi\u00f9 quella del daytime, \u00e8 abitudine e ritualit\u00e0 che va costruita con pazienza giorno per giorno, pensando a quel pubblico che d\u2019estate trova compagnia e inclusione proprio grazie alla tv\u00a0\u00a0    &#13;<br \/>\n&#13;<br \/>\n&#13;<br \/>\n&#13;<br \/>\n&#13;<br \/>\n&#13;<br \/>\n&#13;<br \/>\n&#13;<br \/>\n&#13;<br \/>\n&#13;<br \/>\n&#13;<br \/>\n&#13;<br \/>\n&#13;<br \/>\n&#13;<br \/>\n&#13;<br \/>\n&#13;<br \/>\n&#13;<br \/>\n&#13;<br \/>\n&#13;<br \/>\n&#13;<br \/>\n&#13;<br \/>\n&#13;<br \/>\n&#13;<br \/>\n&#13;<br \/>\n&#13;<br \/>\n&#13;<br \/>\n&#13;<br \/>\n&#13;<br \/>\n&#13;<br \/>\n&#13;<br \/>\n&#13;<br \/>\n&#13;<br \/>\n&#13;<br \/>\n&#13;<br \/>\n&#13;<br \/>\n&#13;<br \/>\n&#13;<br \/>\n&#13;<br \/>\n&#13;<br \/>\n&#13;<br \/>\n&#13;<br \/>\n&#13;<br \/>\n&#13;<br \/>\n&#13;<br \/>\n&#13;<br \/>\n&#13;<br \/>\n&#13;<br \/>\n&#13;<br \/>\n&#13;<br \/>\n&#13;<br \/>\n&#13;<br \/>\n&#13;<br \/>\n&#13;\n<\/p>\n<p class=\"is-last-update\" datetime=\"2026-07-12T10:55:40+02:00\">12 luglio 2026 ( modifica il 12 luglio 2026 | 10:55)<\/p>\n<p class=\"is-copyright\">\n            \u00a9 RIPRODUZIONE RISERVATA\n        <\/p>\n","protected":false},"excerpt":{"rendered":"D\u2019estate la televisione resta (forse) pi\u00f9 \u00abaccesa\u00bb nel daytime (ovvero durante la giornata) che nella prima serata (al&hellip;\n","protected":false},"author":3,"featured_media":581406,"comment_status":"","ping_status":"","sticky":false,"template":"","format":"standard","meta":{"footnotes":"","_share_on_mastodon":"0"},"categories":[1444],"tags":[20628,320274,28751,676,32320,2491,6719,88999,2239,203,1533,7785,5183,1148,204,1537,90,89,4557,36732,71440,320275,7,18830,9008,179,74987,35587,15856,68525,253],"class_list":["post-581405","post","type-post","status-publish","format-standard","has-post-thumbnail","category-tv","tag-abitudine","tag-abitudine-ritualita","tag-approfondimento","tag-compagnia","tag-conduzione","tag-confronto","tag-costruita","tag-daytime","tag-edizione","tag-entertainment","tag-estate","tag-estiva","tag-giornata","tag-giugno","tag-intrattenimento","tag-it","tag-italia","tag-italy","tag-mattina","tag-medi","tag-morning","tag-morning-news","tag-news","tag-ovvero","tag-programmi","tag-pubblico","tag-ritualita","tag-share","tag-spettatori","tag-spettatori-medi","tag-tv"],"share_on_mastodon":{"url":"https:\/\/pubeurope.com\/@it\/116907415000962110","error":""},"_links":{"self":[{"href":"https:\/\/www.europesays.com\/it\/wp-json\/wp\/v2\/posts\/581405","targetHints":{"allow":["GET"]}}],"collection":[{"href":"https:\/\/www.europesays.com\/it\/wp-json\/wp\/v2\/posts"}],"about":[{"href":"https:\/\/www.europesays.com\/it\/wp-json\/wp\/v2\/types\/post"}],"author":[{"embeddable":true,"href":"https:\/\/www.europesays.com\/it\/wp-json\/wp\/v2\/users\/3"}],"replies":[{"embeddable":true,"href":"https:\/\/www.europesays.com\/it\/wp-json\/wp\/v2\/comments?post=581405"}],"version-history":[{"count":0,"href":"https:\/\/www.europesays.com\/it\/wp-json\/wp\/v2\/posts\/581405\/revisions"}],"wp:featuredmedia":[{"embeddable":true,"href":"https:\/\/www.europesays.com\/it\/wp-json\/wp\/v2\/media\/581406"}],"wp:attachment":[{"href":"https:\/\/www.europesays.com\/it\/wp-json\/wp\/v2\/media?parent=581405"}],"wp:term":[{"taxonomy":"category","embeddable":true,"href":"https:\/\/www.europesays.com\/it\/wp-json\/wp\/v2\/categories?post=581405"},{"taxonomy":"post_tag","embeddable":true,"href":"https:\/\/www.europesays.com\/it\/wp-json\/wp\/v2\/tags?post=581405"}],"curies":[{"name":"wp","href":"https:\/\/api.w.org\/{rel}","templated":true}]}}