{"id":581511,"date":"2026-07-12T15:41:16","date_gmt":"2026-07-12T15:41:16","guid":{"rendered":"https:\/\/www.europesays.com\/it\/581511\/"},"modified":"2026-07-12T15:41:16","modified_gmt":"2026-07-12T15:41:16","slug":"lovaglio-mps-vale-piu-di-30-miliardi-nostro-dovere-cercare-se-ci-sono-proposte-migliori","status":"publish","type":"post","link":"https:\/\/www.europesays.com\/it\/581511\/","title":{"rendered":"Lovaglio: \u00abMps vale pi\u00f9 di 30 miliardi, nostro dovere cercare se ci sono proposte migliori\u00bb"},"content":{"rendered":"<p>L\u2019ad del Monte dei Paschi: \u00abValuteremo tutte le offerte formulate e tutte le opzioni per fare il bene della banca\u00bb<\/p>\n<p class=\"chapter-paragraph\">\u00abIl Monte dei Paschi \u00e8 una risorsa di grande valore del Paese e il potenziale \u00e8 pi\u00f9 di 30 miliardi, la sua forza \u00e8 nella rete di persone\u00bb. Luigi Lovaglio, amministratore delegato di Mps, ha parlato del valore del gruppo intervenendo agli incontri de \u00abLa Terrazza\u00bb a San Casciano dei Bagni. Il riferimento, anche se non esplicito, \u00e8 ai 30,6 miliardi messi sul piatto da Intesa Sanpaolo che l&#8217;8 giugno scorso ha lanciato l\u2019opas sulla banca di Siena. \u00abC\u2019\u00e8 una regola che non permette di esprimersi sull&#8217;operazione, quello che posso dire \u00e8 che ovviamente noi continuiamo nella nostra attivit\u00e0 e valuteremo tutte le offerte formulate e tutte le opzioni per fare il bene della banca\u00bb, ha spiegato Lovaglio.<\/p>\n<p>    Il cda si riunisce gioved\u00ec<\/p>\n<p class=\"chapter-paragraph\">Il Consiglio di amministrazione di Mps si riunir\u00e0 gioved\u00ec per cominciare a esaminare l\u2019Opas di Intesa Sanpaolo e la proposta di fusione alla pari di Banco Bpm. Un lavoro ancora ai preliminari che viene effettuato insieme con gli advisor Ubs, Bofa, BonelliErede e White &amp; Case, che stanno analizzando i due dossier. \u00abSiccome fino a oggi ci ha guidato il senso di responsabilit\u00e0 e l\u2019attenzione ai clienti, continueremo cos\u00ec. A tempo debito ci esprimeremo su questa operazione\u00bb, spiega l&#8217;amministratore delegato di Mps, aggiungendo che la banca toscana \u00ab\u00e8 un\u2019infrastruttura fortissima ed \u00e8 una combinazione di capacit\u00e0 dei colleghi, ma anche di affezione e di comunit\u00e0\u00bb.\u00a0    &#13;<br \/>\n&#13;<br \/>\n&#13;<br \/>\n&#13;<br \/>\n&#13;<br \/>\n&#13;<br \/>\n&#13;<br \/>\n&#13;<br \/>\n&#13;<br \/>\n&#13;<br \/>\n&#13;<br \/>\n&#13;<br \/>\n&#13;<br \/>\n&#13;<br \/>\n&#13;<br \/>\n&#13;<br \/>\n&#13;<br \/>\n&#13;<br \/>\n&#13;<br \/>\n&#13;<br \/>\n&#13;<br \/>\n&#13;<br \/>\n&#13;<br \/>\n&#13;<br \/>\n&#13;<br \/>\n&#13;<br \/>\n&#13;<br \/>\n&#13;<br \/>\n&#13;<br \/>\n&#13;<br \/>\n&#13;<br \/>\n&#13;<br \/>\n&#13;<br \/>\n&#13;<br \/>\n&#13;<br \/>\n&#13;<br \/>\n&#13;<br \/>\n&#13;<br \/>\n&#13;<br \/>\n&#13;<br \/>\n&#13;<br \/>\n&#13;<br \/>\n&#13;<br \/>\n&#13;<br \/>\n&#13;<br \/>\n&#13;<br \/>\n&#13;<br \/>\n&#13;<br \/>\n&#13;<br \/>\n&#13;<br \/>\n&#13;<br \/>\n&#13;<br \/>\n&#13;\n<\/p>\n<p>    \u00abCercare proposte migliori\u00bb<\/p>\n<p class=\"chapter-paragraph\">\u00abNoi abbiamo il dovere di valutare ogni proposta e di cercare se ci sono proposte migliori nell\u2019interesse di tutti gli azionisti\u00bb, ha sottolineato Lovaglio. Una dichiarazione che secondo alcuni rafforzerebbe l\u2019ipotesi che il vertice di Mps stia valutando una terza soluzione, come anticipato da Il Sole 24 Ore. Tra le opzioni ipotizzate ci sarebbe un possibile asse con Generali per costruire un\u2019alternativa all\u2019offerta di Intesa Sanpaolo. Possibilit\u00e0 che al momento non trova conferma.<\/p>\n<p class=\"is-last-update\" datetime=\"2026-07-12T10:45:38+02:00\">12 luglio 2026 ( modifica il 12 luglio 2026 | 10:45)<\/p>\n<p class=\"is-copyright\">\n            \u00a9 RIPRODUZIONE RISERVATA\n        <\/p>\n","protected":false},"excerpt":{"rendered":"L\u2019ad del Monte dei Paschi: \u00abValuteremo tutte le offerte formulate e tutte le opzioni per fare il bene&hellip;\n","protected":false},"author":3,"featured_media":581512,"comment_status":"","ping_status":"","sticky":false,"template":"","format":"standard","meta":{"footnotes":"","_share_on_mastodon":"0"},"categories":[172],"tags":[178,6964,6965,320346,1421,177,2138,320343,320344,15151,320347,26,66515,320348,5944,28783,1537,90,89,16161,2052,15129,1429,17299,320345,108969],"class_list":["post-581511","post","type-post","status-publish","format-standard","has-post-thumbnail","category-affari","tag-affari","tag-amministratore","tag-amministratore-delegato","tag-amministratore-delegato-mps","tag-banca","tag-business","tag-cercare","tag-cercare-proposte","tag-cercare-proposte-migliori","tag-delegato","tag-delegato-mps","tag-dovere","tag-formulate","tag-formulate-opzioni","tag-intesa","tag-intesa-sanpaolo","tag-it","tag-italia","tag-italy","tag-lovaglio","tag-migliori","tag-mps","tag-opzioni","tag-proposte","tag-proposte-migliori","tag-sanpaolo"],"share_on_mastodon":{"url":"https:\/\/pubeurope.com\/@it\/116907768951173280","error":""},"_links":{"self":[{"href":"https:\/\/www.europesays.com\/it\/wp-json\/wp\/v2\/posts\/581511","targetHints":{"allow":["GET"]}}],"collection":[{"href":"https:\/\/www.europesays.com\/it\/wp-json\/wp\/v2\/posts"}],"about":[{"href":"https:\/\/www.europesays.com\/it\/wp-json\/wp\/v2\/types\/post"}],"author":[{"embeddable":true,"href":"https:\/\/www.europesays.com\/it\/wp-json\/wp\/v2\/users\/3"}],"replies":[{"embeddable":true,"href":"https:\/\/www.europesays.com\/it\/wp-json\/wp\/v2\/comments?post=581511"}],"version-history":[{"count":0,"href":"https:\/\/www.europesays.com\/it\/wp-json\/wp\/v2\/posts\/581511\/revisions"}],"wp:featuredmedia":[{"embeddable":true,"href":"https:\/\/www.europesays.com\/it\/wp-json\/wp\/v2\/media\/581512"}],"wp:attachment":[{"href":"https:\/\/www.europesays.com\/it\/wp-json\/wp\/v2\/media?parent=581511"}],"wp:term":[{"taxonomy":"category","embeddable":true,"href":"https:\/\/www.europesays.com\/it\/wp-json\/wp\/v2\/categories?post=581511"},{"taxonomy":"post_tag","embeddable":true,"href":"https:\/\/www.europesays.com\/it\/wp-json\/wp\/v2\/tags?post=581511"}],"curies":[{"name":"wp","href":"https:\/\/api.w.org\/{rel}","templated":true}]}}