{"id":581560,"date":"2026-07-12T16:25:16","date_gmt":"2026-07-12T16:25:16","guid":{"rendered":"https:\/\/www.europesays.com\/it\/581560\/"},"modified":"2026-07-12T16:25:16","modified_gmt":"2026-07-12T16:25:16","slug":"benedetta-rossi-adotta-due-bambine-anni-di-attesa-ed-esami-si-ferma-sui-social","status":"publish","type":"post","link":"https:\/\/www.europesays.com\/it\/581560\/","title":{"rendered":"Benedetta Rossi adotta due bambine: \u00abAnni di attesa ed esami\u00bb. Si ferma sui social"},"content":{"rendered":"<p>La celebre food creator e conduttrice ha condiviso una foto dall&#8217;aeroporto insieme al marito Marco Gentili per l&#8217;ultimo step del percorso di adozione internazionale<\/p>\n<p>\t\t\t<a href=\"https:\/\/google.com\/preferences\/source?q=open.online\" target=\"_blank\" rel=\"nofollow noopener\"><img loading=\"lazy\" decoding=\"async\" src=\"https:\/\/www.europesays.com\/it\/wp-content\/uploads\/2026\/05\/gps@2x.png\" alt=\"Google Preferred Site\" width=\"200\" height=\"63\"\/><\/a><\/p>\n<p class=\"wp-block-paragraph\">\u00abValigie pronte, passaporti in mano e il cuore che batte a mille\u00bb. Con un lungo messaggio pubblicato sui social, Benedetta Rossi ha annunciato di essere partita insieme al marito Marco Gentili per completare il percorso di adozione internazionale che li porter\u00e0 ad accogliere due sorelline. La food creator e conduttrice televisiva ha condiviso una foto dall\u2019aeroporto, raccontando l\u2019emozione per quello che definisce \u00abil viaggio che stavamo aspettando da tanto\u00bb e che rappresenta \u00abla speranza di un nuovo inizio\u00bb.<\/p>\n<p>La lunga adozione tra burocrazia ed esami<\/p>\n<p class=\"wp-block-paragraph\">Nel post, Rossi ripercorre gli anni trascorsi tra pratiche burocratiche, attese e verifiche. \u00ab\u00c8 stato un percorso durato anni, anni di attesa, silenzi e speranze. Abbiamo compilato carte, superato esami e affrontato le montagne russe del cuore. Abbiamo imparato ad aspettare con una pazienza che non sapevamo di avere e siamo riusciti a proteggere un sogno che oggi \u00e8 a un passo dal diventare realt\u00e0. Non \u00e8 stato semplice, ma \u00e8 stato il nostro modo per diventare mamma e pap\u00e0\u00bb, racconta la cuoca. La coppia dovr\u00e0 ora affrontare gli ultimi adempimenti formali prima di poter accogliere definitivamente le due bambine. Per questo motivo ha annunciato una pausa dall\u2019attivit\u00e0 pubblica. \u00abDurante questo periodo spegneremo gli schermi e terremo i telefoni in tasca\u00bb, ha spiegato Rossi, chiedendo rispetto per la privacy della famiglia in una fase particolarmente delicata. <\/p>\n<blockquote class=\"instagram-media\" data-instgrm-captioned=\"\" data-instgrm-permalink=\"https:\/\/www.instagram.com\/p\/DanKi9VxPAL\/?utm_source=ig_embed&amp;utm_campaign=loading\" data-instgrm-version=\"14\" style=\" background:#FFF; border:0; border-radius:3px; box-shadow:0 0 1px 0 rgba(0,0,0,0.5),0 1px 10px 0 rgba(0,0,0,0.15); margin: 1px; max-width:540px; min-width:326px; padding:0; width:99.375%; width:-webkit-calc(100% - 2px); width:calc(100% - 2px);\"\/>\n<p>Perch\u00e9 le adozioni sono in calo<\/p>\n<p class=\"wp-block-paragraph\">L\u2019annuncio riporta l\u2019attenzione sul tema delle <strong>adozioni internazionali in Italia<\/strong>. Secondo l\u2019ultimo rapporto della Commissione per le Adozioni Internazionali, nel <strong>2025<\/strong> sono stati autorizzati all\u2019ingresso nel Paese <strong>664<\/strong> minori, contro i <strong>691<\/strong> dell\u2019anno precedente, mentre le domande sono scese da <strong>536<\/strong> a <strong>527<\/strong>. Un elemento che incide sempre pi\u00f9 sulle procedure riguarda la crescita dei casi classificati come \u00abspecial needs\u00bb. Circa il<strong> 70% <\/strong>dei minori proposti per l\u2019adozione internazionale presenta i cosiddetti <strong>bisogni speciali,<\/strong> tra cui <strong>disabilit\u00e0<\/strong>, <strong>traumi pregressi<\/strong>, <strong>et\u00e0 superiore ai sette anni <\/strong>o l\u2019appartenenza a gruppi di fratelli che devono essere accolti insieme. <\/p>\n<p>Fino a 50 mesi: ecco quanto tempo ci vuole per adottare<\/p>\n<p class=\"wp-block-paragraph\">Anche i tempi restano particolarmente lunghi. Dalla presentazione della domanda al tribunale per i minorenni fino all\u2019arrivo del bambino in famiglia trascorrono mediamente circa 50 mesi, oltre quattro anni di attesa. Un percorso impegnativo che Benedetta Rossi e Marco Gentili hanno deciso di condividere solo ora, a pochi passi dal traguardo che li porter\u00e0 a diventare genitori.<\/p>\n<p>\t\t<script async src=\"\/\/www.instagram.com\/embed.js\"><\/script><\/p>\n","protected":false},"excerpt":{"rendered":"La celebre food creator e conduttrice ha condiviso una foto dall&#8217;aeroporto insieme al marito Marco Gentili per l&#8217;ultimo&hellip;\n","protected":false},"author":3,"featured_media":581561,"comment_status":"","ping_status":"","sticky":false,"template":"","format":"standard","meta":{"footnotes":"","_share_on_mastodon":"0"},"categories":[1451],"tags":[12788,5072,225556,162795,320392,867,118,11970,12387,23871,38517,1621,1620,10900,222588,320393,1396,2725,320394,6036,203,6104,1909,19269,105021,832,204,1537,90,89,4047,320391,491,978,9509],"class_list":["post-581560","post","type-post","status-publish","format-standard","has-post-thumbnail","category-celebrita","tag-accogliere","tag-adozione","tag-adozione-internazionale","tag-adozioni","tag-adozioni-internazionali","tag-aeroporto","tag-annunciato","tag-bambine","tag-benedetta","tag-benedetta-rossi","tag-burocrazia","tag-celebrita","tag-celebrities","tag-condiviso","tag-condiviso-foto","tag-condiviso-foto-aeroporto","tag-conduttrice","tag-creator","tag-creator-conduttrice","tag-cuore","tag-entertainment","tag-esami","tag-famiglia","tag-food","tag-gentili","tag-internazionale","tag-intrattenimento","tag-it","tag-italia","tag-italy","tag-marco","tag-marco-gentili","tag-percorso","tag-post","tag-rossi"],"share_on_mastodon":{"url":"","error":"Validation failed: Text character limit of 500 exceeded"},"_links":{"self":[{"href":"https:\/\/www.europesays.com\/it\/wp-json\/wp\/v2\/posts\/581560","targetHints":{"allow":["GET"]}}],"collection":[{"href":"https:\/\/www.europesays.com\/it\/wp-json\/wp\/v2\/posts"}],"about":[{"href":"https:\/\/www.europesays.com\/it\/wp-json\/wp\/v2\/types\/post"}],"author":[{"embeddable":true,"href":"https:\/\/www.europesays.com\/it\/wp-json\/wp\/v2\/users\/3"}],"replies":[{"embeddable":true,"href":"https:\/\/www.europesays.com\/it\/wp-json\/wp\/v2\/comments?post=581560"}],"version-history":[{"count":0,"href":"https:\/\/www.europesays.com\/it\/wp-json\/wp\/v2\/posts\/581560\/revisions"}],"wp:featuredmedia":[{"embeddable":true,"href":"https:\/\/www.europesays.com\/it\/wp-json\/wp\/v2\/media\/581561"}],"wp:attachment":[{"href":"https:\/\/www.europesays.com\/it\/wp-json\/wp\/v2\/media?parent=581560"}],"wp:term":[{"taxonomy":"category","embeddable":true,"href":"https:\/\/www.europesays.com\/it\/wp-json\/wp\/v2\/categories?post=581560"},{"taxonomy":"post_tag","embeddable":true,"href":"https:\/\/www.europesays.com\/it\/wp-json\/wp\/v2\/tags?post=581560"}],"curies":[{"name":"wp","href":"https:\/\/api.w.org\/{rel}","templated":true}]}}