{"id":581590,"date":"2026-07-12T16:51:15","date_gmt":"2026-07-12T16:51:15","guid":{"rendered":"https:\/\/www.europesays.com\/it\/581590\/"},"modified":"2026-07-12T16:51:15","modified_gmt":"2026-07-12T16:51:15","slug":"europei-under-19-domina-la-spagna","status":"publish","type":"post","link":"https:\/\/www.europesays.com\/it\/581590\/","title":{"rendered":"Europei Under 19, domina la Spagna"},"content":{"rendered":"<p>                                Non c&#8217;\u00e8 storia: 5 partite vinte su altrettante giocate nonostante Lamine e Cubars\u00ec siano gi\u00e0 in nazionale maggiore. Le stelle? Junyent e Pitarch<\/p>\n<p class=\"paragraph\" spellcheck=\"true\">La cantera spagnola \u00e8 inesauribile. Ieri in Galles la nazionale under 19 della Roja ha conquistato l\u2019Europeo di categoria. \u00c8 il decimo successo della Spagna nelle 23 edizioni organizzate dal 2002, data di riorganizzazione del torneo, e negli ultimi 3 anni, dopo la vittoria dell\u2019Italia, la Rojita ha fatto primo, secondo e primo: la forza del movimento giovanile spagnolo \u00e8 evidente.\u00a0<\/p>\n<p>        difesa inviolata\u2014 \u00a0<\/p>\n<p class=\"paragraph\" spellcheck=\"true\">Parliamo della generazione del 2007, ovvero l\u2019anno di nascita di <a href=\"https:\/\/www.gazzetta.it\/Calcio\/Mondiali\/11-07-2026\/mondiali-yamal-aspettiamo-la-francia-dall-inizio-del-mondiale.shtml?intcmp=hyperlink-articolo-gazit\" title=\"Yamal non vede l&#039;ora di giocare con la Francia: &quot;Li aspettiamo dall&#039;inizio del Mondiale...&quot;\" target=\"_blank\" rel=\"nofollow noopener\">Lamine Yamal<\/a> e Pau Cubars\u00ed che per\u00f2 sono in altre faccende affaccendati. La nazionale \u00e8 allenata da Paco Gallardo e ha chiuso il torneo con 5 vittorie su 5 e un parziale di 19-0: quasi 4 gol a partita e per la prima volta nella storia della competizione nessun gol incassato, cosa mai successa nella storia del torneo. La finale, giocata a Wrexham, era Spagna-Germania ed \u00e8 finita 2-0.\u00a0<\/p>\n<p>        i risultati\u2014 \u00a0<\/p>\n<p class=\"paragraph\" spellcheck=\"true\">Gli spagnoli hanno battuto 7-0 il Galles, 3-0 la Danimarca e 4-0 la Germania nel girone, poi 3-0 la Croazia in semifinale e di nuovo 2-0 i tedeschi. L\u2019Italia era nell\u2019altro girone e ha chiuso al terzo posto dietro Ucraina e Croazia per i gol fatti perdendo poi ai rigori con la Danimarca nello spareggio per andare al playoff del Mondiale di categoria.\u00a0<\/p>\n<p><a class=\"is-partner-link\" href=\"https:\/\/aipredictor.gazzetta.it\/?intcmp=Nazionali\" rel=\"nofollow noopener\" target=\"_blank\">Promo Mondiale 1\u20ac al mese per 3 mesi &#8211; Scopri chi vince con Gazzetta AI Predictor!<\/a><\/p>\n<p>        i nomi migliori\u2014 \u00a0<\/p>\n<p class=\"paragraph\" spellcheck=\"true\">Il trofeo di miglior giocatore del torneo \u00e8 andato a Quim Junyent, un ragazzo di Barcellona cresciuto alla Masia e appena passato all\u2019Almeria. \u00c8 il tipico centrocampista blaugrana. L\u2019altro nome di rilievo \u00e8 Thiago Pitarch, il pivote del Madrid lanciato quest\u2019anno in prima squadra e protagonista anche in Champions League. Con lui il compagno di squadra Fortea, un altro che si \u00e8 affacciato in prima squadra coi Blancos. Un altro madridista, Jose Morante, ha chiuso come pichichi con 4 reti col tedesco Stange. Alti giocatori con un possibile gran futuro: Xavi Espart del Barcellona, Hugo Lopez del Villarreal, Ousmane Diallo, origini senegalesi e gi\u00e0 al Borussia Dortmund. Non tutti ce la faranno, ma intanto la Spagna continua a produrre talento.<\/p>\n<p class=\"is-copyright\">\u00a9 RIPRODUZIONE RISERVATA<\/p>\n","protected":false},"excerpt":{"rendered":"Non c&#8217;\u00e8 storia: 5 partite vinte su altrettante giocate nonostante Lamine e Cubars\u00ec siano gi\u00e0 in nazionale maggiore.&hellip;\n","protected":false},"author":3,"featured_media":581591,"comment_status":"","ping_status":"","sticky":false,"template":"","format":"standard","meta":{"footnotes":"","_share_on_mastodon":"0"},"categories":[1452],"tags":[320405,320406,320407,115903,351,721,3080,2206,7144,18320,3889,1740,6226,3044,5191,1976,1537,90,89,320403,50737,320404,1739,6059,245,244,1857,1567,6663,4315],"class_list":["post-581590","post","type-post","status-publish","format-standard","has-post-thumbnail","category-calcio","tag-affaccendati","tag-affaccendati-allenata","tag-affaccendati-allenata-paco","tag-affacciato","tag-barcellona","tag-calcio","tag-categoria","tag-chiuso","tag-croazia","tag-danimarca","tag-europeo","tag-football","tag-galles","tag-germania","tag-girone","tag-gol","tag-it","tag-italia","tag-italy","tag-junyent","tag-lamine","tag-pitarch","tag-soccer","tag-spagna","tag-sport","tag-sports","tag-squadra","tag-storia","tag-torneo","tag-under"],"share_on_mastodon":{"url":"https:\/\/pubeurope.com\/@it\/116908044205785747","error":""},"_links":{"self":[{"href":"https:\/\/www.europesays.com\/it\/wp-json\/wp\/v2\/posts\/581590","targetHints":{"allow":["GET"]}}],"collection":[{"href":"https:\/\/www.europesays.com\/it\/wp-json\/wp\/v2\/posts"}],"about":[{"href":"https:\/\/www.europesays.com\/it\/wp-json\/wp\/v2\/types\/post"}],"author":[{"embeddable":true,"href":"https:\/\/www.europesays.com\/it\/wp-json\/wp\/v2\/users\/3"}],"replies":[{"embeddable":true,"href":"https:\/\/www.europesays.com\/it\/wp-json\/wp\/v2\/comments?post=581590"}],"version-history":[{"count":0,"href":"https:\/\/www.europesays.com\/it\/wp-json\/wp\/v2\/posts\/581590\/revisions"}],"wp:featuredmedia":[{"embeddable":true,"href":"https:\/\/www.europesays.com\/it\/wp-json\/wp\/v2\/media\/581591"}],"wp:attachment":[{"href":"https:\/\/www.europesays.com\/it\/wp-json\/wp\/v2\/media?parent=581590"}],"wp:term":[{"taxonomy":"category","embeddable":true,"href":"https:\/\/www.europesays.com\/it\/wp-json\/wp\/v2\/categories?post=581590"},{"taxonomy":"post_tag","embeddable":true,"href":"https:\/\/www.europesays.com\/it\/wp-json\/wp\/v2\/tags?post=581590"}],"curies":[{"name":"wp","href":"https:\/\/api.w.org\/{rel}","templated":true}]}}