{"id":581647,"date":"2026-07-12T17:39:15","date_gmt":"2026-07-12T17:39:15","guid":{"rendered":"https:\/\/www.europesays.com\/it\/581647\/"},"modified":"2026-07-12T17:39:15","modified_gmt":"2026-07-12T17:39:15","slug":"classe-2009-e-gia-in-serie-a3-ecco-il-nuovo-talento-rossoblu","status":"publish","type":"post","link":"https:\/\/www.europesays.com\/it\/581647\/","title":{"rendered":"Classe 2009 e gi\u00e0 in Serie A3: ecco il nuovo talento rossobl\u00f9"},"content":{"rendered":"<p>&#13;<\/p>\n<tr>&#13;<\/p>\n<td dir=\"ltr\"><strong>Mondov\u00ec Volley<\/strong> annuncia l\u2019arrivo di <strong>Petra Di Blasi<\/strong>, opposto classe 2009, giovane talento piemontese che nella stagione 2026\/27 sar\u00e0 impegnata sia con la<strong> prima squadra in Serie A3<\/strong> sia con le formazioni de<strong>l settore giovanile rossobl\u00f9<\/strong>. Un innesto che rappresenta un investimento sul futuro, con una prospettiva di crescita tecnica e personale all\u2019interno di un progetto che valorizza le giovani atlete.<\/td>\n<p>&#13;<br \/>\n<\/tr>\n<p>&#13;<\/p>\n<tr>&#13;<\/p>\n<td dir=\"ltr\">Petra inizia a giocare nel 2021 con l\u2019Alba Volley, in Under 13, allenata da Andrea Viola. Nello stesso anno arriva la convocazione nella selezione regionale piemontese, mentre nella stagione successiva conquista la medaglia d\u2019argento alle finali regionali. Il suo percorso prosegue al Club76\/PlayAsti, dove disputa un anno in Under 18 e Serie D, e la stagione seguente in Under 16 e Serie C, partecipando alle Finali Nazionali in entrambe le annate a livello giovanile. Nell\u2019ultima stagione veste la maglia del Club76\/MTS Volley Academy Santena, giocando in Under 18 e in Serie B2, confermando il suo valore e la sua capacit\u00e0 di competere in contesti tecnici sempre pi\u00f9 impegnativi.<\/td>\n<p>&#13;<br \/>\n<\/tr>\n<p>&#13;<\/p>\n<tr>&#13;<\/p>\n<td dir=\"ltr\">Il direttore sportivo <strong>Max<\/strong> <strong>Rubado<\/strong> commenta cos\u00ec il suo arrivo: \u201cPetra \u00e8 un talento in crescita, un giovane opposto che ha gi\u00e0 dimostrato personalit\u00e0, qualit\u00e0 e una forte predisposizione al lavoro. Il suo percorso nelle categorie giovanili e nelle serie nazionali testimonia la sua voglia di migliorare e di mettersi alla prova. Per lei questa pu\u00f2 essere una stagione di grande crescita, ma lo sar\u00e0 anche per noi accompagnarla nel passaggio tra giovanili e prima squadra. Siamo felici di accoglierla nel nostro progetto e convinti che possa diventare un punto di riferimento del futuro rossobl\u00f9.\u201d<\/td>\n<p>&#13;<br \/>\n<\/tr>\n<p>&#13;<\/p>\n<tr>&#13;<\/p>\n<td dir=\"ltr\">Parole di entusiasmo anche da parte della giocatrice: \u00abSono felicissima di iniziare questa nuova avventura con il Mondov\u00ec Volley e sono pronta a mettermi in gioco, a lavorare ogni giorno con impegno e determinazione per crescere come atleta e come persona. Non vedo l\u2019ora di indossare questi colori, di conoscere le mie compagne, lo staff e tutti i tifosi. Ci vediamo in campo!!\u00bb<\/td>\n<p>&#13;<br \/>\n<\/tr>\n<p>&#13;<\/p>\n<tr>&#13;<\/p>\n<td dir=\"ltr\">Con l\u2019arrivo di Petra Di Blasi, Mondov\u00ec Volley conferma la volont\u00e0 di costruire un progetto che unisce presente e futuro, valorizzando giovani atlete e inserendole in un contesto tecnico di alto livello come la nuova Serie A3.<\/td>\n<p>&#13;<br \/>\n<\/tr>\n<p>&#13;<\/p>\n","protected":false},"excerpt":{"rendered":"&#13; &#13; Mondov\u00ec Volley annuncia l\u2019arrivo di Petra Di Blasi, opposto classe 2009, giovane talento piemontese che nella&hellip;\n","protected":false},"author":3,"featured_media":581648,"comment_status":"","ping_status":"","sticky":false,"template":"","format":"standard","meta":{"footnotes":"","_share_on_mastodon":"0"},"categories":[1474],"tags":[320438,166377,1537,90,89,290888,3010,8599,320439,320437,2059,19311,200645,245,244,1869],"class_list":["post-581647","post","type-post","status-publish","format-standard","has-post-thumbnail","category-volley","tag-alba-volley","tag-club76-playasti","tag-it","tag-italia","tag-italy","tag-max-rubado","tag-mondovi","tag-mondovi-volley","tag-mts-volley-academy-santena","tag-petra-di-blasi","tag-piemonte","tag-santena","tag-serie-a3","tag-sport","tag-sports","tag-volley"],"share_on_mastodon":{"url":"https:\/\/pubeurope.com\/@it\/116908232985498628","error":""},"_links":{"self":[{"href":"https:\/\/www.europesays.com\/it\/wp-json\/wp\/v2\/posts\/581647","targetHints":{"allow":["GET"]}}],"collection":[{"href":"https:\/\/www.europesays.com\/it\/wp-json\/wp\/v2\/posts"}],"about":[{"href":"https:\/\/www.europesays.com\/it\/wp-json\/wp\/v2\/types\/post"}],"author":[{"embeddable":true,"href":"https:\/\/www.europesays.com\/it\/wp-json\/wp\/v2\/users\/3"}],"replies":[{"embeddable":true,"href":"https:\/\/www.europesays.com\/it\/wp-json\/wp\/v2\/comments?post=581647"}],"version-history":[{"count":0,"href":"https:\/\/www.europesays.com\/it\/wp-json\/wp\/v2\/posts\/581647\/revisions"}],"wp:featuredmedia":[{"embeddable":true,"href":"https:\/\/www.europesays.com\/it\/wp-json\/wp\/v2\/media\/581648"}],"wp:attachment":[{"href":"https:\/\/www.europesays.com\/it\/wp-json\/wp\/v2\/media?parent=581647"}],"wp:term":[{"taxonomy":"category","embeddable":true,"href":"https:\/\/www.europesays.com\/it\/wp-json\/wp\/v2\/categories?post=581647"},{"taxonomy":"post_tag","embeddable":true,"href":"https:\/\/www.europesays.com\/it\/wp-json\/wp\/v2\/tags?post=581647"}],"curies":[{"name":"wp","href":"https:\/\/api.w.org\/{rel}","templated":true}]}}