{"id":581718,"date":"2026-07-12T18:42:18","date_gmt":"2026-07-12T18:42:18","guid":{"rendered":"https:\/\/www.europesays.com\/it\/581718\/"},"modified":"2026-07-12T18:42:18","modified_gmt":"2026-07-12T18:42:18","slug":"da-sarah-jessica-parker-a-monica-bellucci-tutte-le-star-in-prima-fila-a-roma-allo-show-fendi-couture","status":"publish","type":"post","link":"https:\/\/www.europesays.com\/it\/581718\/","title":{"rendered":"Da Sarah Jessica Parker a Monica Bellucci, tutte le star in prima fila a Roma allo show Fendi Couture"},"content":{"rendered":"<p>Alla Galleria Nazionale d&#8217;Arte Moderna e Contemporanea di Roma il debutto della prima collezione Couture AW 2026-2027 di Maria Grazia Chiuri per Fendi richiama un parterre di stelle<\/p>\n<p class=\"chapter-paragraph\">La Galleria Nazionale d&#8217;Arte Moderna e Contemporanea di Roma si \u00e8 trasformata nel palcoscenico d&#8217;eccezione scelto da Fendi per presentare la prima collezione Couture Autunno\/Inverno 2026-2027 firmata da Maria Grazia Chiuri. Un debutto molto atteso, celebrato da una platea di ospiti illustri provenienti dal mondo del cinema, della moda e della cultura. Ad attirare l&#8217;attenzione dei fotografi \u00e8 stata soprattutto Sarah Jessica Parker. L&#8217;attrice americana, indimenticabile volto di &#8220;Sex and the City,&#8221; \u00e8 stata tra le protagoniste assolute del front row, accolta con entusiasmo da fan e fotografi che l&#8217;hanno resa una delle presenze pi\u00f9 richieste della serata. Accanto a lei, un parterre ricco di nomi di primo piano del panorama italiano e internazionale. Hanno assistito alla sfilata Jessica Alba, Monica Bellucci, Valeria Bruni Tedeschi, Valeria Golino, Eleonora Abbagnato e Anna Ferzetti. Presenti anche la famiglia Fendi e Pietro Castellitto. Non \u00e8 mancata Chiara Ferragni. Tra ospiti internazionali, icone del cinema e volti noti della moda, il debutto couture di Maria Grazia Chiuri per Fendi si \u00e8 trasformato in uno degli appuntamenti pi\u00f9 glamour della stagione, confermando ancora una volta Roma come capitale dell&#8217;alta moda e degli eventi pi\u00f9 esclusivi.    &#13;<br \/>\n&#13;<br \/>\n&#13;<br \/>\n&#13;<br \/>\n&#13;<br \/>\n&#13;<br \/>\n&#13;<br \/>\n&#13;<br \/>\n&#13;<br \/>\n&#13;<br \/>\n&#13;<br \/>\n&#13;<br \/>\n&#13;<br \/>\n&#13;<br \/>\n&#13;<br \/>\n&#13;<br \/>\n&#13;<br \/>\n&#13;<br \/>\n&#13;<br \/>\n&#13;<br \/>\n&#13;<br \/>\n&#13;<br \/>\n&#13;<br \/>\n&#13;<br \/>\n&#13;<br \/>\n&#13;<br \/>\n&#13;<br \/>\n&#13;<br \/>\n&#13;<br \/>\n&#13;<br \/>\n&#13;<br \/>\n&#13;<br \/>\n&#13;<br \/>\n&#13;<br \/>\n&#13;<br \/>\n&#13;<br \/>\n&#13;<br \/>\n&#13;<br \/>\n&#13;<br \/>\n&#13;<br \/>\n&#13;<br \/>\n&#13;<br \/>\n&#13;<br \/>\n&#13;<br \/>\n&#13;<br \/>\n&#13;<br \/>\n&#13;<br \/>\n&#13;<br \/>\n&#13;<br \/>\n&#13;<br \/>\n&#13;<br \/>\n&#13;<br \/>\n&#13;\n<\/p>\n<p class=\"is-last-update\" datetime=\"2026-07-10T10:57:50+02:00\">12 luglio 2026<\/p>\n<p class=\"is-copyright\">\n            \u00a9 RIPRODUZIONE RISERVATA\n        <\/p>\n","protected":false},"excerpt":{"rendered":"Alla Galleria Nazionale d&#8217;Arte Moderna e Contemporanea di Roma il debutto della prima collezione Couture AW 2026-2027 di&hellip;\n","protected":false},"author":3,"featured_media":581719,"comment_status":"","ping_status":"","sticky":false,"template":"","format":"standard","meta":{"footnotes":"","_share_on_mastodon":"0"},"categories":[1451],"tags":[1615,11183,137391,34323,1621,1620,320465,105205,10607,203,66159,14601,320466,204,1537,90,89,19838,1259,14603,58885,3112,987],"class_list":["post-581718","post","type-post","status-publish","format-standard","has-post-thumbnail","category-celebrita","tag-arte","tag-arte-moderna","tag-arte-moderna-contemporanea","tag-bellucci","tag-celebrita","tag-celebrities","tag-chiuri","tag-couture","tag-debutto","tag-entertainment","tag-fendi","tag-grazia","tag-grazia-chiuri","tag-intrattenimento","tag-it","tag-italia","tag-italy","tag-jessica","tag-maria","tag-maria-grazia","tag-maria-grazia-chiuri","tag-moda","tag-roma"],"share_on_mastodon":{"url":"https:\/\/pubeurope.com\/@it\/116908480663310923","error":""},"_links":{"self":[{"href":"https:\/\/www.europesays.com\/it\/wp-json\/wp\/v2\/posts\/581718","targetHints":{"allow":["GET"]}}],"collection":[{"href":"https:\/\/www.europesays.com\/it\/wp-json\/wp\/v2\/posts"}],"about":[{"href":"https:\/\/www.europesays.com\/it\/wp-json\/wp\/v2\/types\/post"}],"author":[{"embeddable":true,"href":"https:\/\/www.europesays.com\/it\/wp-json\/wp\/v2\/users\/3"}],"replies":[{"embeddable":true,"href":"https:\/\/www.europesays.com\/it\/wp-json\/wp\/v2\/comments?post=581718"}],"version-history":[{"count":0,"href":"https:\/\/www.europesays.com\/it\/wp-json\/wp\/v2\/posts\/581718\/revisions"}],"wp:featuredmedia":[{"embeddable":true,"href":"https:\/\/www.europesays.com\/it\/wp-json\/wp\/v2\/media\/581719"}],"wp:attachment":[{"href":"https:\/\/www.europesays.com\/it\/wp-json\/wp\/v2\/media?parent=581718"}],"wp:term":[{"taxonomy":"category","embeddable":true,"href":"https:\/\/www.europesays.com\/it\/wp-json\/wp\/v2\/categories?post=581718"},{"taxonomy":"post_tag","embeddable":true,"href":"https:\/\/www.europesays.com\/it\/wp-json\/wp\/v2\/tags?post=581718"}],"curies":[{"name":"wp","href":"https:\/\/api.w.org\/{rel}","templated":true}]}}