{"id":581755,"date":"2026-07-12T19:11:37","date_gmt":"2026-07-12T19:11:37","guid":{"rendered":"https:\/\/www.europesays.com\/it\/581755\/"},"modified":"2026-07-12T19:11:37","modified_gmt":"2026-07-12T19:11:37","slug":"artemisia-gentileschi-a-milano","status":"publish","type":"post","link":"https:\/\/www.europesays.com\/it\/581755\/","title":{"rendered":"Artemisia Gentileschi a Milano"},"content":{"rendered":"<p>        di Redazione , pubblicato il 08\/07\/2026        <br \/>Categorie:<\/p>\n<p>        <a href=\"https:\/\/www.finestresullarte.info\/flash-news\/2c-mostre.php\" rel=\"nofollow noopener\" target=\"_blank\"><br \/>\n            Mostre        <\/a><\/p>\n<p>         \/ Argomenti: <a href=\"https:\/\/www.finestresullarte.info\/tag\/seicento.php\" rel=\"nofollow noopener\" target=\"_blank\">Seicento<\/a> &#8211; <a href=\"https:\/\/www.finestresullarte.info\/tag\/artemisia-gentileschi.php\" rel=\"nofollow noopener\" target=\"_blank\">Artemisia Gentileschi<\/a> &#8211; <a href=\"https:\/\/www.finestresullarte.info\/tag\/arte-antica.php\" rel=\"nofollow noopener\" target=\"_blank\">Arte antica<\/a> <\/p>\n<p>Il Museo Diocesano Carlo Maria Martini di Milano presenta il\u00a0Capolavoro per Milano 2026: dal 27 ottobre 2026 al 31 gennaio 2027 sar\u00e0 esposta l\u2019Annunciazione\u00a0di Artemisia Gentileschi, capolavoro del Seicento proveniente dal Museo e Real Bosco di Capodimonte di Napoli, accompagnato dai risultati di nuove indagini diagnostiche sull\u2019opera.<\/p>\n<p>Sar\u00e0 l\u2019Annunciazione\u00a0di\u00a0<strong>Artemisia<\/strong> <strong>Gentileschi<\/strong>, proveniente dal\u00a0<strong>Museo e Real Bosco di Capodimonte<\/strong>, il\u00a0<strong>Capolavoro per Milano 2026<\/strong>. L\u2019opera sar\u00e0 esposta al\u00a0<strong>Museo Diocesano Carlo Maria Martini<\/strong>\u00a0di <strong>Milano<\/strong> dal 27 ottobre 2026 al 31 gennaio 2027 in una mostra curata da\u00a0<strong>Mario Epifani<\/strong>, conservatore del dipartimento dipinti e sculture del XVII secolo delMuseo e Real Bosco di Capodimonte, e da\u00a0<strong>Nadia Righi<\/strong>.<\/p>\n<p>L\u2019esposizione \u00e8 realizzata con il sostegno di\u00a0Fondazione Bracco, Main Partner dell\u2019iniziativa, che ha finanziato anche una campagna di analisi scientifiche sull\u2019opera. Partecipano inoltre gli sponsor\u00a0Eni\u00a0e\u00a0Fondazione Monte di Lombardia, i sostenitori\u00a0Gi Group Holding,\u00a0Fondazione Rocca,\u00a0Manageritalia Lombardia\u00a0e\u00a0Perelli Consulting, mentre travel partner della mostra \u00e8\u00a0Trenord.<\/p>\n<p>Datata 1630, come indica il cartiglio in basso a destra, e realizzata a olio su tela, l\u2019Annunciazione\u00a0costituisce la prima opera nota eseguita da <a href=\"https:\/\/www.finestresullarte.info\/arte-base\/artemisia-gentileschi-vita-e-opere-grande-pittrice-seicento\" rel=\"nofollow noopener\" target=\"_blank\"><strong>Artemisia<\/strong> <strong>Gentileschi<\/strong><\/a> (Roma, 1593 &#8211; Napoli, dopo il 1653)<strong> <\/strong>dopo il suo arrivo a Napoli, avvenuto intorno al 1629 in seguito al soggiorno veneziano. Il dipinto, di grandi dimensioni (257 \u00d7 179 centimetri), \u00e8 considerato una delle testimonianze pi\u00f9 rilevanti della piena maturit\u00e0 dell\u2019artista, nella quale confluiscono le esperienze maturate a Roma, Firenze, Venezia e infine nel capoluogo partenopeo. Rimane invece incerta la destinazione originaria della tela: il formato lascia ipotizzare una pala d\u2019altare, anche se non \u00e8 escluso che fosse destinata a una cappella privata. L\u2019opera entr\u00f2 nelle collezioni dell\u2019allora Real Museo Borbonico nel 1815.<\/p>\n<p><img loading=\"lazy\" decoding=\"async\" alt=\"Artemisia Gentileschi, Annunciazione (1630; olio su tela, cm 257 x 179; Napoli, Museo e Real Bosco di Capodimonte)\" src=\"https:\/\/www.europesays.com\/it\/wp-content\/uploads\/2026\/07\/artemisia-gentileschi-annunciazione.jpg\" width=\"750\" height=\"1072\" class=\"lazy\"\/>&#13;<br \/>\nArtemisia Gentileschi, Annunciazione (1630; olio su tela, 257 x 179 cm; Napoli, Museo e Real Bosco di Capodimonte)&#13;<\/p>\n<p>La composizione \u00e8 costruita su un forte contrasto luminoso che fa emergere le monumentali figure dell\u2019arcangelo e della Vergine da uno sfondo scuro di ascendenza caravaggesca. La luce soprannaturale che circonda la colomba dello Spirito Santo attraversa le nubi e investe Maria, mentre gestualit\u00e0, cromie e giochi di luce concorrono a creare un\u2019intensa concentrazione emotiva.<\/p>\n<p>Dal punto di vista stilistico, l\u2019opera presenta richiami alle pale d\u2019altare dedicate allo stesso soggetto realizzate dal padre\u00a0Orazio\u00a0per Genova e Torino. Sono inoltre evidenti gli influssi dei caravaggisti francesi conosciuti a Roma, in particolare\u00a0Simon Vouet, accanto ai primi aggiornamenti sulla pittura napoletana, soprattutto quella di\u00a0Massimo Stanzione, esponente del naturalismo moderato. I sontuosi panneggi serici che avvolgono i protagonisti rimandano infine alla lezione di\u00a0Nicolas R\u00e9gnier, che Artemisia aveva potuto conoscere durante il soggiorno veneziano.<\/p>\n<p>In occasione della mostra saranno inoltre resi noti i risultati di una campagna di indagini diagnostiche non invasive promossa da Fondazione Bracco in collaborazione con\u00a0DeepTrace Technologies,\u00a0Universit\u00e0 degli Studi di Milano-Bicocca,\u00a0Universit\u00e0 degli Studi di Milano\u00a0e\u00a0Fondazione Centro per la Conservazione e il Restauro dei Beni Culturali \u201cLa Venaria Reale\u201d. Le analisi forniranno nuovi dati sulla tecnica esecutiva e sui materiali impiegati dalla pittrice. Ad accompagnare l\u2019esposizione sar\u00e0 pubblicato un catalogo edito da\u00a0<strong>Dario Cimorelli Editore<\/strong>.<\/p>\n<p>Informazioni sulla mostra<a href=\"https:\/\/www.mostralesignoredellarte.it\/\" target=\"_blank\" data-etichetta=\"Banner 3 - Palazzo Cucchiari - Signore\" onclick=\"ga(&#039;send&#039;, &#039;event&#039;, &#039;Click&#039;, &#039;Banner 3 - Palazzo Cucchiari - Signore&#039;, 1);\" rel=\"nofollow noopener\"><br \/>\n\t\t\t<img decoding=\"async\" src=\"https:\/\/www.europesays.com\/it\/wp-content\/uploads\/2026\/07\/1783883497_848_banner finestre sull arte2.jpg\" alt=\"Le Signore dell'Arte - Palazzo Cucchiari, Carrara - dal 27 giugno al 25 ottobre 2026\" onmouseover=\"ga('send', 'event', 'Dwell', 'Banner 3 - Palazzo Cucchiari - Signore', 1);\" title=\"Le Signore dell'Arte - Palazzo Cucchiari, Carrara - dal 27 giugno al 25 ottobre 2026\" class=\"banner_fsa\" fetchpriority=\"high\" id=\"banner_3\" width=\"728\" height=\"90\" style=\"width:728px\"\/><br \/>\n\t\t\t<\/a><br \/>\n            <br \/>Se ti \u00e8 piaciuto questo articolo abbonati a Finestre sull&#8217;Arte.<br \/>\n\t\t\t\t\t\tal prezzo di 12,00 euro all&#8217;anno avrai accesso illimitato agli articoli pubblicati sul sito di Finestre sull&#8217;Arte e ci aiuterai a crescere e<br \/>\n\t\t\t\t\t\ta<br \/>\n\t\t\t\t\t\tmantenere la nostra informazione libera e indipendente.<br \/>\n\t\t\t\t\t\t<a href=\"https:\/\/shop.finestresullarte.info\/carrello\/?add-to-cart=8971\" rel=\"nofollow noopener\" target=\"_blank\">ABBONATI&#13;<br \/>\n\t\t\t\t\t\tA <br \/>FINESTRE SULL&#8217;ARTE<\/a><br \/>\n    <\/p>\n","protected":false},"excerpt":{"rendered":"di Redazione , pubblicato il 08\/07\/2026 Categorie: Mostre \/ Argomenti: Seicento &#8211; Artemisia Gentileschi &#8211; Arte antica Il&hellip;\n","protected":false},"author":3,"featured_media":581756,"comment_status":"","ping_status":"","sticky":false,"template":"","format":"standard","meta":{"footnotes":"","_share_on_mastodon":"0"},"categories":[1446],"tags":[1615,1657,1613,1614,66448,1611,1610,1612,203,204,1537,90,89,6052],"class_list":["post-581755","post","type-post","status-publish","format-standard","has-post-thumbnail","category-arte-e-design","tag-arte","tag-arte-antica","tag-arte-e-design","tag-arteedesign","tag-artemisia-gentileschi","tag-arts","tag-arts-and-design","tag-design","tag-entertainment","tag-intrattenimento","tag-it","tag-italia","tag-italy","tag-seicento"],"share_on_mastodon":{"url":"https:\/\/pubeurope.com\/@it\/116908595460840785","error":""},"_links":{"self":[{"href":"https:\/\/www.europesays.com\/it\/wp-json\/wp\/v2\/posts\/581755","targetHints":{"allow":["GET"]}}],"collection":[{"href":"https:\/\/www.europesays.com\/it\/wp-json\/wp\/v2\/posts"}],"about":[{"href":"https:\/\/www.europesays.com\/it\/wp-json\/wp\/v2\/types\/post"}],"author":[{"embeddable":true,"href":"https:\/\/www.europesays.com\/it\/wp-json\/wp\/v2\/users\/3"}],"replies":[{"embeddable":true,"href":"https:\/\/www.europesays.com\/it\/wp-json\/wp\/v2\/comments?post=581755"}],"version-history":[{"count":0,"href":"https:\/\/www.europesays.com\/it\/wp-json\/wp\/v2\/posts\/581755\/revisions"}],"wp:featuredmedia":[{"embeddable":true,"href":"https:\/\/www.europesays.com\/it\/wp-json\/wp\/v2\/media\/581756"}],"wp:attachment":[{"href":"https:\/\/www.europesays.com\/it\/wp-json\/wp\/v2\/media?parent=581755"}],"wp:term":[{"taxonomy":"category","embeddable":true,"href":"https:\/\/www.europesays.com\/it\/wp-json\/wp\/v2\/categories?post=581755"},{"taxonomy":"post_tag","embeddable":true,"href":"https:\/\/www.europesays.com\/it\/wp-json\/wp\/v2\/tags?post=581755"}],"curies":[{"name":"wp","href":"https:\/\/api.w.org\/{rel}","templated":true}]}}