{"id":581818,"date":"2026-07-12T20:08:23","date_gmt":"2026-07-12T20:08:23","guid":{"rendered":"https:\/\/www.europesays.com\/it\/581818\/"},"modified":"2026-07-12T20:08:23","modified_gmt":"2026-07-12T20:08:23","slug":"beautiful-anticipazioni-puntate-12-18-luglio-2026-le-trame","status":"publish","type":"post","link":"https:\/\/www.europesays.com\/it\/581818\/","title":{"rendered":"Beautiful: anticipazioni puntate 12-18 luglio 2026, le trame"},"content":{"rendered":"<p class=\"paragraph\" spellcheck=\"true\">Domenica 12 luglio 2026 proseguir\u00e0 su Canale 5 l&#8217;appuntamento quotidiano con <b>Beautiful<\/b>, in onda alle 14 soltanto domenica e alle 13.40 dal luned\u00ec al sabato. La storica soap \u00e8 trasmessa in Italia dal 1994 ed \u00e8 uno dei pilastri del pomeriggio di Canale 5, appuntamento fisso per milioni di spettatori nonostante la breve durata delle puntate.\u00a0<\/p>\n<p class=\"paragraph\" spellcheck=\"true\">Prima di scoprire cosa ci aspetta <b>dal 12 al 18 luglio<\/b>, vediamo dove eravamo rimasti. Taylor ha deciso di rimanere a Los Angeles, ha raccontato solo a Li di avere un problema cardiaco grave ma non vorrebbe comunicarlo ai familiari. Intanto Hope teme che il ritorno di Taylor rovini i rapporti di Ridge e Brooke. Will ha incontrato R.J. e gli ha domandato come non sia riuscito ad accorgersi dell&#8217;instabilit\u00e0 di Luna.<\/p>\n","protected":false},"excerpt":{"rendered":"Domenica 12 luglio 2026 proseguir\u00e0 su Canale 5 l&#8217;appuntamento quotidiano con Beautiful, in onda alle 14 soltanto domenica&hellip;\n","protected":false},"author":3,"featured_media":581819,"comment_status":"","ping_status":"","sticky":false,"template":"","format":"standard","meta":{"footnotes":"","_share_on_mastodon":"0"},"categories":[1444],"tags":[1518,11536,16284,33,16275,16281,262029,9710,34935,269030,2773,320695,2942,36661,475,3635,1112,6240,203,2731,16273,16272,204,1537,90,89,426,314749,8202,16288,8835,51441,20617,16289,12051,253,4981,11364],"class_list":["post-581818","post","type-post","status-publish","format-standard","has-post-thumbnail","category-tv","tag-anticipazioni","tag-anticipazioni-puntata","tag-anticipazioni-puntata-beautiful","tag-appuntamento","tag-beautiful","tag-beautiful-onda","tag-bedroom","tag-bill","tag-brooke","tag-brooke-bedroom","tag-canale","tag-canale-appuntamento","tag-cantante","tag-carter","tag-chiede","tag-diagnosi","tag-domenica","tag-domenica-luglio","tag-entertainment","tag-figli","tag-finn","tag-hope","tag-intrattenimento","tag-it","tag-italia","tag-italy","tag-luglio","tag-luglio-beautiful","tag-puntata","tag-puntata-beautiful","tag-puntate","tag-ridge","tag-scoprire","tag-steffy","tag-taylor","tag-tv","tag-vediamo","tag-will"],"share_on_mastodon":{"url":"","error":"Validation failed: Text character limit of 500 exceeded"},"_links":{"self":[{"href":"https:\/\/www.europesays.com\/it\/wp-json\/wp\/v2\/posts\/581818","targetHints":{"allow":["GET"]}}],"collection":[{"href":"https:\/\/www.europesays.com\/it\/wp-json\/wp\/v2\/posts"}],"about":[{"href":"https:\/\/www.europesays.com\/it\/wp-json\/wp\/v2\/types\/post"}],"author":[{"embeddable":true,"href":"https:\/\/www.europesays.com\/it\/wp-json\/wp\/v2\/users\/3"}],"replies":[{"embeddable":true,"href":"https:\/\/www.europesays.com\/it\/wp-json\/wp\/v2\/comments?post=581818"}],"version-history":[{"count":0,"href":"https:\/\/www.europesays.com\/it\/wp-json\/wp\/v2\/posts\/581818\/revisions"}],"wp:featuredmedia":[{"embeddable":true,"href":"https:\/\/www.europesays.com\/it\/wp-json\/wp\/v2\/media\/581819"}],"wp:attachment":[{"href":"https:\/\/www.europesays.com\/it\/wp-json\/wp\/v2\/media?parent=581818"}],"wp:term":[{"taxonomy":"category","embeddable":true,"href":"https:\/\/www.europesays.com\/it\/wp-json\/wp\/v2\/categories?post=581818"},{"taxonomy":"post_tag","embeddable":true,"href":"https:\/\/www.europesays.com\/it\/wp-json\/wp\/v2\/tags?post=581818"}],"curies":[{"name":"wp","href":"https:\/\/api.w.org\/{rel}","templated":true}]}}