{"id":581880,"date":"2026-07-12T21:07:15","date_gmt":"2026-07-12T21:07:15","guid":{"rendered":"https:\/\/www.europesays.com\/it\/581880\/"},"modified":"2026-07-12T21:07:15","modified_gmt":"2026-07-12T21:07:15","slug":"ambra-la-bulimia-e-la-nascita-della-figlia-yolanda-pensavo-che-la-mia-pancia-non-potesse-ospitare-altro-se-non-del-cibo-da-rimettere","status":"publish","type":"post","link":"https:\/\/www.europesays.com\/it\/581880\/","title":{"rendered":"Ambra, la bulimia e la nascita della figlia Yolanda: \u00ab Pensavo che la mia pancia non potesse ospitare altro se non del cibo da rimettere\u00bb"},"content":{"rendered":"<p>    di<br \/>\n    Federica Bandirali<\/p>\n<p class=\"summary-art is-line-h-12\">L&#8217;attrice si racconta a Sky Tg24, mettendosi davvero a nudo<\/p>\n<p class=\"chapter-paragraph\">Ambra Angiolini si racconta senza filtri nel nuovo appuntamento di Stories, il ciclo di interviste di Sky TG24 dedicato ai protagonisti dello spettacolo. Nello speciale \u00ab<b>Ambra Angiolini \u2013 Amarsi un po&#8217;\u00bb, <\/b>in onda domani alle 21 su Sky TG24 e sabato 18 luglio alle 12.30 su Sky Arte, l&#8217;attrice ripercorre alcuni dei momenti pi\u00f9 significativi della sua vita, dagli esordi nel mondo dello spettacolo alle difficolt\u00e0 personali, passando per il rapporto con la figlia Yolanda.\u00a0<\/p>\n<p class=\"chapter-paragraph\">Tra i temi affrontati c&#8217;\u00e8 quello delle ferite emotive, che per<b> Angiolini<\/b> non devono diventare un&#8217;etichetta. \u00abNon si rimettono a posto: si lasciano cos\u00ec e ci si costruisce sopra\u00bb, afferma l&#8217;attrice, sottolineando come il dolore faccia parte del percorso di crescita, ma non possa definire l&#8217;identit\u00e0 di una persona. \u00abTu non sei le ferite che ti hanno inflitto o quelle che ti sei provocata&#8230; Tu sei altro\u00bb, aggiunge.    &#13;<br \/>\n&#13;<br \/>\n&#13;<br \/>\n&#13;<br \/>\n&#13;<br \/>\n&#13;<br \/>\n&#13;<br \/>\n&#13;<br \/>\n&#13;<br \/>\n&#13;<br \/>\n&#13;<br \/>\n&#13;<br \/>\n&#13;<br \/>\n&#13;<br \/>\n&#13;<br \/>\n&#13;<br \/>\n&#13;<br \/>\n&#13;<br \/>\n&#13;<br \/>\n&#13;<br \/>\n&#13;<br \/>\n&#13;<br \/>\n&#13;<br \/>\n&#13;<br \/>\n&#13;<br \/>\n&#13;<br \/>\n&#13;<br \/>\n&#13;<br \/>\n&#13;<br \/>\n&#13;<br \/>\n&#13;<br \/>\n&#13;<br \/>\n&#13;<br \/>\n&#13;<br \/>\n&#13;<br \/>\n&#13;<br \/>\n&#13;<br \/>\n&#13;<br \/>\n&#13;<br \/>\n&#13;<br \/>\n&#13;<br \/>\n&#13;<br \/>\n&#13;<br \/>\n&#13;<br \/>\n&#13;<br \/>\n&#13;<br \/>\n&#13;<br \/>\n&#13;<br \/>\n&#13;<br \/>\n&#13;<br \/>\n&#13;<br \/>\n&#13;<br \/>\n&#13;\n<\/p>\n<p class=\"chapter-paragraph\">Uno dei passaggi pi\u00f9 intensi dell&#8217;intervista \u00e8 dedicato alla bulimia, una malattia che <b>Ambra<\/b> ha affrontato in passato. L&#8217;attrice spiega che il cammino verso la guarigione passa anche dal sentirsi accolti e sostenuti. \u00abSi guarisce quando si ha la sensazione che nessuno ti lascer\u00e0 sola a causa di questa malattia. \u00c8 una malattia e nessuno di noi sceglie di ammalarsi, ma tutti vorremmo guarire\u00bb, racconta. Ripensando a quel periodo, <b>Angiolini <\/b>descrive anche il momento in cui \u00e8 riuscita a ritrovare un rapporto pi\u00f9 sereno con il cibo, fino a considerarlo una delle sue pi\u00f9 grandi conquiste personali. \u00abA un certo punto ho smesso di avere paura del cibo&#8230; e a dirmi: non succeder\u00e0 niente. Domani sarai sempre la stessa persona\u00bb, ricorda.<\/p>\n<p class=\"chapter-paragraph\">Tra i momenti pi\u00f9 felici della sua vita segnala l&#8217;arrivo della figlia Yolanda: \u00abL\u2019incontro \u00e8 stato incredibile. Pensavo che la mia pancia non potesse ospitare altro se non del cibo da rimettere\u00bb. La descrive come una presenza decisiva: \u00abLei \u00e8 stata un architetto degli interni. Credo che abbia trovato il terremoto dentro di me e che abbia iniziato ad aiutarmi da dentro. Me la sono sempre immaginata mentre metteva a posto tutto: gli organi, ogni cosa. Quando \u00e8 nata avevo un loft di lusso. La ringrazier\u00f2 tutta la vita\u00bb.<\/p>\n<p class=\"is-last-update\" datetime=\"2026-07-12T19:31:13+02:00\">12 luglio 2026<\/p>\n<p class=\"is-copyright\">\n            \u00a9 RIPRODUZIONE RISERVATA\n        <\/p>\n","protected":false},"excerpt":{"rendered":"di Federica Bandirali L&#8217;attrice si racconta a Sky Tg24, mettendosi davvero a nudo Ambra Angiolini si racconta senza&hellip;\n","protected":false},"author":3,"featured_media":581881,"comment_status":"","ping_status":"","sticky":false,"template":"","format":"standard","meta":{"footnotes":"","_share_on_mastodon":"0"},"categories":[174],"tags":[24538,5747,24561,7738,40114,844,320705,10378,81737,1690,203,4546,3384,320703,204,1537,90,89,370,4003,33426,320706,320707,7896,1989,270,320704],"class_list":["post-581880","post","type-post","status-publish","format-standard","has-post-thumbnail","category-intrattenimento","tag-ambra","tag-ambra-angiolini","tag-angiolini","tag-attrice","tag-bulimia","tag-cibo","tag-cibo-rimettere","tag-dedicato","tag-descrive","tag-domani","tag-entertainment","tag-ferite","tag-figlia","tag-figlia-yolanda","tag-intrattenimento","tag-it","tag-italia","tag-italy","tag-malattia","tag-momenti","tag-ospitare","tag-ospitare-cibo","tag-ospitare-cibo-rimettere","tag-pancia","tag-racconta","tag-sky","tag-yolanda"],"share_on_mastodon":{"url":"https:\/\/pubeurope.com\/@it\/116909050910233434","error":""},"_links":{"self":[{"href":"https:\/\/www.europesays.com\/it\/wp-json\/wp\/v2\/posts\/581880","targetHints":{"allow":["GET"]}}],"collection":[{"href":"https:\/\/www.europesays.com\/it\/wp-json\/wp\/v2\/posts"}],"about":[{"href":"https:\/\/www.europesays.com\/it\/wp-json\/wp\/v2\/types\/post"}],"author":[{"embeddable":true,"href":"https:\/\/www.europesays.com\/it\/wp-json\/wp\/v2\/users\/3"}],"replies":[{"embeddable":true,"href":"https:\/\/www.europesays.com\/it\/wp-json\/wp\/v2\/comments?post=581880"}],"version-history":[{"count":0,"href":"https:\/\/www.europesays.com\/it\/wp-json\/wp\/v2\/posts\/581880\/revisions"}],"wp:featuredmedia":[{"embeddable":true,"href":"https:\/\/www.europesays.com\/it\/wp-json\/wp\/v2\/media\/581881"}],"wp:attachment":[{"href":"https:\/\/www.europesays.com\/it\/wp-json\/wp\/v2\/media?parent=581880"}],"wp:term":[{"taxonomy":"category","embeddable":true,"href":"https:\/\/www.europesays.com\/it\/wp-json\/wp\/v2\/categories?post=581880"},{"taxonomy":"post_tag","embeddable":true,"href":"https:\/\/www.europesays.com\/it\/wp-json\/wp\/v2\/tags?post=581880"}],"curies":[{"name":"wp","href":"https:\/\/api.w.org\/{rel}","templated":true}]}}