{"id":581890,"date":"2026-07-12T21:12:14","date_gmt":"2026-07-12T21:12:14","guid":{"rendered":"https:\/\/www.europesays.com\/it\/581890\/"},"modified":"2026-07-12T21:12:14","modified_gmt":"2026-07-12T21:12:14","slug":"cappellini-e-il-nuovo-direttore-di-repubblica-ad-interim","status":"publish","type":"post","link":"https:\/\/www.europesays.com\/it\/581890\/","title":{"rendered":"Cappellini \u00e8 il nuovo direttore di Repubblica ad interim"},"content":{"rendered":"<p>Il nuovo direttore di Repubblicad ad interim \u00e8<b> Stefano Cappellini<\/b>. Vicedirettore, gi\u00e0 capo del politico. La nomina \u00e8 arrivata. E\u2019 una nomina ad interim, una scelta interna per rasserenare la redazione dopo l\u2019uscita di Mario Orfeo, nominato direttore editoriale di Qn. E\u2019 stata comunicata al cdr pochi minuti fa. Marted\u00ec \u00e8 atteso a Roma l\u2019editore Thod\u014dr\u012bs Kyriakou. La redazione \u00e8 stata avvisata con un allegro messaggio da parte dell\u2019ad Mirja Cartia D\u2019Asero: \u201cCi vediamo, per chi pu\u00f2, per un saluto in ufficio prima della pausa estiva\u201d. Pausa estiva? I giornali in pausa estiva? L\u2019editore parler\u00e0 alla redazione e avr\u00e0 incontri istituzionali e politici. Potrebbe salire al Colle per presentare il nuovo direttore e non si esclude un colloquio con Elly Schlein, la segretaria del Pd, o Matteo Renzi.<\/p>\n","protected":false},"excerpt":{"rendered":"Il nuovo direttore di Repubblicad ad interim \u00e8 Stefano Cappellini. Vicedirettore, gi\u00e0 capo del politico. La nomina \u00e8&hellip;\n","protected":false},"author":3,"featured_media":581891,"comment_status":"","ping_status":"","sticky":false,"template":"","format":"standard","meta":{"footnotes":"","_share_on_mastodon":"0"},"categories":[6],"tags":[14,13539,8,1537,90,89,100890,7,15,82,9,83,10,477,13,11,80,84,12,81,85],"class_list":["post-581890","post","type-post","status-publish","format-standard","has-post-thumbnail","category-ultime-notizie","tag-cronaca","tag-editoria","tag-headlines","tag-it","tag-italia","tag-italy","tag-la-repubblica","tag-news","tag-notizie","tag-notizie-di-cronaca","tag-notizie-principali","tag-notiziedicronaca","tag-notizieprincipali","tag-politica","tag-titoli","tag-ultime-notizie","tag-ultime-notizie-di-cronaca","tag-ultime-notizie-e-news-di-oggi","tag-ultimenotizie","tag-ultimenotiziedicronaca","tag-ultimenotizieenewsdioggi"],"share_on_mastodon":{"url":"https:\/\/pubeurope.com\/@it\/116909070495611627","error":""},"_links":{"self":[{"href":"https:\/\/www.europesays.com\/it\/wp-json\/wp\/v2\/posts\/581890","targetHints":{"allow":["GET"]}}],"collection":[{"href":"https:\/\/www.europesays.com\/it\/wp-json\/wp\/v2\/posts"}],"about":[{"href":"https:\/\/www.europesays.com\/it\/wp-json\/wp\/v2\/types\/post"}],"author":[{"embeddable":true,"href":"https:\/\/www.europesays.com\/it\/wp-json\/wp\/v2\/users\/3"}],"replies":[{"embeddable":true,"href":"https:\/\/www.europesays.com\/it\/wp-json\/wp\/v2\/comments?post=581890"}],"version-history":[{"count":0,"href":"https:\/\/www.europesays.com\/it\/wp-json\/wp\/v2\/posts\/581890\/revisions"}],"wp:featuredmedia":[{"embeddable":true,"href":"https:\/\/www.europesays.com\/it\/wp-json\/wp\/v2\/media\/581891"}],"wp:attachment":[{"href":"https:\/\/www.europesays.com\/it\/wp-json\/wp\/v2\/media?parent=581890"}],"wp:term":[{"taxonomy":"category","embeddable":true,"href":"https:\/\/www.europesays.com\/it\/wp-json\/wp\/v2\/categories?post=581890"},{"taxonomy":"post_tag","embeddable":true,"href":"https:\/\/www.europesays.com\/it\/wp-json\/wp\/v2\/tags?post=581890"}],"curies":[{"name":"wp","href":"https:\/\/api.w.org\/{rel}","templated":true}]}}