{"id":582006,"date":"2026-07-12T23:01:17","date_gmt":"2026-07-12T23:01:17","guid":{"rendered":"https:\/\/www.europesays.com\/it\/582006\/"},"modified":"2026-07-12T23:01:17","modified_gmt":"2026-07-12T23:01:17","slug":"superbike-donington-2026-nicolo-bulega-vince-gara-2-e-superpole-race","status":"publish","type":"post","link":"https:\/\/www.europesays.com\/it\/582006\/","title":{"rendered":"Superbike Donington 2026: Nicol\u00f2 Bulega vince Gara-2 e Superpole Race"},"content":{"rendered":"<p>                                Dopo aver perso l&#8217;imbattibilit\u00e0 stagionale in Gara-1, Nicol\u00f2 Bulega torna a fare la voce grossa nella domenica di Donington Park aggiudicandosi entrambe le gare in programma. Yari Montella, due volte a podio, \u00e8 saldamente terzo nel Mondiale<\/p>\n<p>\n                                                                    Adriano Bestetti\n                            <\/p>\n<p>                    12 luglio &#8211; 17:58  &#8211; MILANO<\/p>\n<p class=\"paragraph\" spellcheck=\"true\">La parziale battuta di arresto nel sabato di Donington, quando la prima vittoria in carriera in <a href=\"https:\/\/www.gazzetta.it\/Moto\/Superbike\/\" target=\"_blank\" rel=\"nofollow noopener\">Superbike<\/a> del compagno Iker Lecuona in <a href=\"https:\/\/www.gazzetta.it\/Motori\/11-07-2026\/superbike-donington-2026-gara-1-lecuona-batte-bulega.shtml?intcmp=hyperlink-articolo-gazit\" title=\"Superbike Donington: Lecuona vince Gara-1 e spezza l&#039;egemonia di Bulega\" target=\"_blank\" rel=\"nofollow noopener\">Gara-1<\/a> ha interrotto la sua clamorosa serie di 25 vittorie consecutive, non ha affatto intaccato lo spirito combattivo di <b>Nicol\u00f2 Bulega<\/b>. L&#8217;alfiere emiliano del team <b>Aruba.it Ducati<\/b>, inattaccabile leader del mondiale, \u00e8 infatti tornato subito a imporre la sua legge\u00a0aggiudicandosi entrambe le gare della domenica, con una Superpole Race conquistata in rimonta e una <b>Gara<\/b>&#8211;<b>2<\/b> in cui ha ben presto salutato la concorrenza per vincere d&#8217;autorit\u00e0. Lecuona \u00e8 incappato in un clamoroso errore nella gara sprint del mattino che lo ha penalizzato anche in quella lunga del pomeriggio e ad approfittarne maggiormente \u00e8 stato <b>Yari Montella<\/b> del team Barni Spark, due volte sul podio per solidificare il suo attuale terzo posto in classifica.\u00a0<\/p>\n<p>    Bulega si impone nella Superpole Race\u00a0\u2014 \u00a0<\/p>\n<p class=\"paragraph is-inline\" spellcheck=\"true\"><b>Bulega<\/b> ha conquistato la sua prima vittoria in Superbike a Donington nella <b>Superpole Race<\/b> del mattino. Al via era stato ancora una volta Lecuona il pi\u00f9 veloce, infilandosi per primo alla curva 1 per prendere il comando davanti a Montella, Bulega e Sam Lowes, ma lo spagnolo cadeva rovinosamente gi\u00e0 al secondo giro perdendo cos\u00ec ogni speranza di fare punti. Montella \u00e8 poi riuscito a mantenere la testa della corsa per un paio di giri, fino all&#8217;affondo decisivo di Bulega in ingresso al tornante Melbourne. Il capoclassifica si \u00e8 poi involato verso il successo precedendo sul traguardo un determinato Montella e un felicissimo <b>Sam Lowes<\/b>. Dietro di loro le due Bimota di Alex Lowes e Axel Bassani e le Ducati private di Lorenzo Baldassarri del team GoEleven e del britannico Tommy Bridewell del team Advocate.<\/p>\n<p>        <img decoding=\"async\" loading=\"lazy\" alt=\"bimota 2026 sbk bassan\" src=\"https:\/\/dimages2.gazzettaobjects.it\/files\/image_527_789_h\/uploads\/2026\/07\/12\/6a53b548dc49e.jpeg\" data-full-src=\"https:\/\/www.europesays.com\/it\/wp-content\/uploads\/2026\/07\/6a53b548dc49e.jpeg\"\/><\/p>\n<p>    Bulega subito in fuga in Gara-2\u2014 \u00a0<\/p>\n<p class=\"paragraph is-inline\" spellcheck=\"true\">Allo spegnimento dei semafori di Gara-2, Bulega non si \u00e8 fatto sorprendere, mettendosi subito al comando davanti a Montella, Alex e Sam Lowes e a Bridewell, decisamente reattivo nelle primissime fasi della corsa. Pi\u00f9 indietro, Lecuona iniziava la sua inesorabile risalita dalla decima posizione in griglia, arrivando a togliere la quinta posizione a Bridewell gi\u00e0 al terzo giro. In assenza di un confronto diretto con il compagno di squadra, Bulega ha iniziato a costruire un vantaggio sempre pi\u00f9 consistente su Montella, a sua volta bravo a scavare un buon margine tra s\u00e9 e i gemelli Lowes per difendere la seconda posizione. Al sesto giro Lecuona ha finalmente passato i due inglesi per installarsi in terza posizione, con oltre 2&#8243; da recuperare a Montella, mentre il giro seguente finiva l&#8217;avventura di Bridewell, costretto a ritirarsi per un problema tecnico. Dopo 10 giri il gruppo era gi\u00e0 piuttosto sgranato, con Bassani sesto davanti alla Kawasaki di Gerloff, alla Yamaha di Vierge e alla Ducati GoEleven di Lorenzo Baldassarri.<\/p>\n<p>    Vittoria senza storia\u2014 \u00a0<\/p>\n<p class=\"paragraph is-inline\" spellcheck=\"true\">Il rabbioso inseguimento di Lecuona a Montella ha avuto il suo coronamento al giro 15, con lo spagnolo implacabile nell&#8217;infilare l&#8217;italiano all&#8217;ultima staccata del tracciato britannico, ma a quel punto Bulega aveva gia oltre 2,6&#8243; di vantaggio su entrambi. Il leader del Mondiale ha per\u00f2 prevveduto ad alzare subito il ritmo per portare il suo vantaggio fino a 4&#8243; a 3 giri dal termine e quindi vincere in soltaria davanti ai due compagni di marca. Quarto e quinto posto per le due Bimota, con l&#8217;ottimo Axel Bassani davanti ad Alex Lowes, mentre il sesto posto se lo \u00e8 preso l&#8217;americano Gerloff approfittando di qualche problema tecnico lamentato da Sam Lowes. Ottavo posto per Lorenzo Baldassarri, undicesimo per Andrea Locatelli su Yamaha e quindicesimo per il rientrante Danilo Petrucci su Bmw. Il Mondiale Superbike affronta ora la sua pausa estiva e torner\u00e0 in pista nel fine settimana del 5-6 settembre a Magny-Cours, in Francia.<\/p>\n<p>    Risultati Superpole Race Donington\u2014 \u00a0<\/p>\n<p class=\"paragraph is-inline\" spellcheck=\"true\">A seguire i primi dieci classificati della Superpole Race di Donington Park:<\/p>\n<p>    SBK Donington 2026 &#8211; Risultati Superpole Race<\/p>\n<tr>\n<p>            PilotaTeamDistacco<\/tr>\n<tr class=\"tile-table_row__content bck-tile-table_row table-title-color  row-add-remove-button \" id=\"m22494-22493-22495\">\n<td class=\"tile-table-td__content--text hide-add-remove-button\">1. N. BULEGA<\/td>\n<td class=\"tile-table-td__content--text hide-add-remove-button\">Aruba.it Ducati<\/td>\n<td class=\"tile-table-td__content--text hide-add-remove-button\">10 giri<\/td>\n<\/tr>\n<tr class=\"tile-table_row__content bck-tile-table_row table-title-color  row-add-remove-button \" id=\"m22499-22498-22500\">\n<td class=\"tile-table-td__content--text hide-add-remove-button\">2. Y. MONTELLA<\/td>\n<td class=\"tile-table-td__content--text hide-add-remove-button\">Ducati Barni Spark<\/td>\n<td class=\"tile-table-td__content--text hide-add-remove-button\">+1.581<\/td>\n<\/tr>\n<tr class=\"tile-table_row__content bck-tile-table_row table-title-color  row-add-remove-button \" id=\"m22504-22503-22505\">\n<td class=\"tile-table-td__content--text hide-add-remove-button\">3. S. LOWES<\/td>\n<td class=\"tile-table-td__content--text hide-add-remove-button\">Ducati Elf Marc Vds<\/td>\n<td class=\"tile-table-td__content--text hide-add-remove-button\">+3.346<\/td>\n<\/tr>\n<tr class=\"tile-table_row__content bck-tile-table_row table-title-color  row-add-remove-button \" id=\"m22509-22508-22510\">\n<td class=\"tile-table-td__content--text hide-add-remove-button\">4. A. LOWES<\/td>\n<td class=\"tile-table-td__content--text hide-add-remove-button\">Bimota by Kawasaki<\/td>\n<td class=\"tile-table-td__content--text hide-add-remove-button\">+5.614<\/td>\n<\/tr>\n<tr class=\"tile-table_row__content bck-tile-table_row table-title-color  row-add-remove-button \" id=\"m22514-22513-22515\">\n<td class=\"tile-table-td__content--text hide-add-remove-button\">5. A. BASSANI<\/td>\n<td class=\"tile-table-td__content--text hide-add-remove-button\">Bimota by Kawasaki<\/td>\n<td class=\"tile-table-td__content--text hide-add-remove-button\">+5.836<\/td>\n<\/tr>\n<tr class=\"tile-table_row__content bck-tile-table_row table-title-color  row-add-remove-button \" id=\"m22519-22518-22520\">\n<td class=\"tile-table-td__content--text hide-add-remove-button\">6. L. BALDASSARRI<\/td>\n<td class=\"tile-table-td__content--text hide-add-remove-button\">Ducati GoEleven<\/td>\n<td class=\"tile-table-td__content--text hide-add-remove-button\">+6.664<\/td>\n<\/tr>\n<tr class=\"tile-table_row__content bck-tile-table_row table-title-color  row-add-remove-button \" id=\"m22524-22523-22525\">\n<td class=\"tile-table-td__content--text hide-add-remove-button\">7. T. BRIDEWELL<\/td>\n<td class=\"tile-table-td__content--text hide-add-remove-button\">Ducati Advocates<\/td>\n<td class=\"tile-table-td__content--text hide-add-remove-button\">+7.830<\/td>\n<\/tr>\n<tr class=\"tile-table_row__content bck-tile-table_row table-title-color  row-add-remove-button \" id=\"m22529-22528-22530\">\n<td class=\"tile-table-td__content--text hide-add-remove-button\">8. X. VIERGE<\/td>\n<td class=\"tile-table-td__content--text hide-add-remove-button\">Pata Maxus Yamaha<\/td>\n<td class=\"tile-table-td__content--text hide-add-remove-button\">+8.147<\/td>\n<\/tr>\n<tr class=\"tile-table_row__content bck-tile-table_row table-title-color  row-add-remove-button \" id=\"m22534-22533-22535\">\n<td class=\"tile-table-td__content--text hide-add-remove-button\">9. G. GERLOFF<\/td>\n<td class=\"tile-table-td__content--text hide-add-remove-button\">Kawasaki WorldSBK<\/td>\n<td class=\"tile-table-td__content--text hide-add-remove-button\">+10.886<\/td>\n<\/tr>\n<tr class=\"tile-table_row__content bck-tile-table_row table-title-color  row-add-remove-button \" id=\"m22539-22538-22540\">\n<td class=\"tile-table-td__content--text hide-add-remove-button\">10. J. REA<\/td>\n<td class=\"tile-table-td__content--text hide-add-remove-button\">Honda HRC<\/td>\n<td class=\"tile-table-td__content--text hide-add-remove-button\">+11.894<\/td>\n<\/tr>\n<p>    Risultati Gara-2 Donington\u2014 \u00a0<\/p>\n<p class=\"paragraph is-inline\" spellcheck=\"true\">Segue l&#8217;ordine arrivo dei primi dieci classificati di Gara-2 della Superbike 2026 a Donington Park:<\/p>\n<p><a class=\"is-partner-link\" href=\"https:\/\/www.wefan.it\/tours?sport=5&amp;utm_source=gazzetta&amp;utm_medium=nd&amp;utm_campaign=all_F1\" rel=\"nofollow noopener\" target=\"_blank\">Viaggia con Gazzetta Motori, vivi da protagonista i circuiti pi\u00f9 attesi dell\u2019estate<\/a><\/p>\n<p>    SBK Donington 2026 &#8211; Risultati Gara-2<\/p>\n<tr>\n<p>            PilotaTeamDistacco<\/tr>\n<tr class=\"tile-table_row__content bck-tile-table_row table-title-color  row-add-remove-button \" id=\"m22577-22576-22578\">\n<td class=\"tile-table-td__content--text hide-add-remove-button\">1. N. BULEGA<\/td>\n<td class=\"tile-table-td__content--text hide-add-remove-button\">Aruba.it Ducati<\/td>\n<td class=\"tile-table-td__content--text hide-add-remove-button\">23 Laps<\/td>\n<\/tr>\n<tr class=\"tile-table_row__content bck-tile-table_row table-title-color  row-add-remove-button \" id=\"m22582-22581-22583\">\n<td class=\"tile-table-td__content--text hide-add-remove-button\">2. I. LECUONA<\/td>\n<td class=\"tile-table-td__content--text hide-add-remove-button\">Aruba.it Ducati<\/td>\n<td class=\"tile-table-td__content--text hide-add-remove-button\">+4.161<\/td>\n<\/tr>\n<tr class=\"tile-table_row__content bck-tile-table_row table-title-color  row-add-remove-button \" id=\"m22587-22586-22588\">\n<td class=\"tile-table-td__content--text hide-add-remove-button\">3.\u00a0Y. MONTELLA<\/td>\n<td class=\"tile-table-td__content--text hide-add-remove-button\">Ducati Barni Spark<\/td>\n<td class=\"tile-table-td__content--text hide-add-remove-button\">+6.850<\/td>\n<\/tr>\n<tr class=\"tile-table_row__content bck-tile-table_row table-title-color  row-add-remove-button \" id=\"m22592-22591-22593\">\n<td class=\"tile-table-td__content--text hide-add-remove-button\">4. A. BASSANI<\/td>\n<td class=\"tile-table-td__content--text hide-add-remove-button\">Bimota by Kawasaki<\/td>\n<td class=\"tile-table-td__content--text hide-add-remove-button\">+15.346<\/td>\n<\/tr>\n<tr class=\"tile-table_row__content bck-tile-table_row table-title-color  row-add-remove-button \" id=\"m22597-22596-22598\">\n<td class=\"tile-table-td__content--text hide-add-remove-button\">5. A. LOWES<\/td>\n<td class=\"tile-table-td__content--text hide-add-remove-button\">Bimota by Kawasaki<\/td>\n<td class=\"tile-table-td__content--text hide-add-remove-button\">+15.582<\/td>\n<\/tr>\n<tr class=\"tile-table_row__content bck-tile-table_row table-title-color  row-add-remove-button \" id=\"m22602-22601-22603\">\n<td class=\"tile-table-td__content--text hide-add-remove-button\">6.\u00a0G. GERLOFF<\/td>\n<td class=\"tile-table-td__content--text hide-add-remove-button\">Kawasaki WorldSBK<\/td>\n<td class=\"tile-table-td__content--text hide-add-remove-button\">+16.656<\/td>\n<\/tr>\n<tr class=\"tile-table_row__content bck-tile-table_row table-title-color  row-add-remove-button \" id=\"m22607-22606-22608\">\n<td class=\"tile-table-td__content--text hide-add-remove-button\">7. S. LOWES<\/td>\n<td class=\"tile-table-td__content--text hide-add-remove-button\">Ducati Elf Marc Vds<\/td>\n<td class=\"tile-table-td__content--text hide-add-remove-button\">+22.438<\/td>\n<\/tr>\n<tr class=\"tile-table_row__content bck-tile-table_row table-title-color  row-add-remove-button \" id=\"m22612-22611-22613\">\n<td class=\"tile-table-td__content--text hide-add-remove-button\">8. L. BALDASSARRI<\/td>\n<td class=\"tile-table-td__content--text hide-add-remove-button\">Ducati GoEleven<\/td>\n<td class=\"tile-table-td__content--text hide-add-remove-button\">+24.748<\/td>\n<\/tr>\n<tr class=\"tile-table_row__content bck-tile-table_row table-title-color  row-add-remove-button \" id=\"m22617-22616-22618\">\n<td class=\"tile-table-td__content--text hide-add-remove-button\">9. X. VIERGE<\/td>\n<td class=\"tile-table-td__content--text hide-add-remove-button\">Pata Maxus Yamaha<\/td>\n<td class=\"tile-table-td__content--text hide-add-remove-button\">+25.293<\/td>\n<\/tr>\n<tr class=\"tile-table_row__content bck-tile-table_row table-title-color  row-add-remove-button \" id=\"m22622-22621-22623\">\n<td class=\"tile-table-td__content--text hide-add-remove-button\">10. A. BAUTISTA<\/td>\n<td class=\"tile-table-td__content--text hide-add-remove-button\">Ducati Barni Spark<\/td>\n<td class=\"tile-table-td__content--text hide-add-remove-button\">+26.627<\/td>\n<\/tr>\n<p>    Classifica Mondiale piloti SBK\u2014 \u00a0<\/p>\n<p class=\"paragraph is-inline\" spellcheck=\"true\">Ovviamente, la prima sconfitta stagionale non ha minimamente scalfito la leadership di Nicol\u00f2 Bulega nella<b> classifica piloti<\/b> del Mondiale Superbike. Questa la situazione dopo il fine settimana nel Regno Unito:<\/p>\n<p>    Superbike 2026 &#8211; Classifica Piloti<\/p>\n<tr>\n<p>            PilotaTeamPunti<\/tr>\n<tr class=\"tile-table_row__content bck-tile-table_row table-title-color  row-add-remove-button \" id=\"m22666-22665-22667\">\n<td class=\"tile-table-td__content--text hide-add-remove-button\">1. N. BULEGA<\/td>\n<td class=\"tile-table-td__content--text hide-add-remove-button\">Aruba.it Ducati<\/td>\n<td class=\"tile-table-td__content--text hide-add-remove-button\">491<\/td>\n<\/tr>\n<tr class=\"tile-table_row__content bck-tile-table_row table-title-color  row-add-remove-button \" id=\"m22671-22670-22672\">\n<td class=\"tile-table-td__content--text hide-add-remove-button\">2. I. LECUONA<\/td>\n<td class=\"tile-table-td__content--text hide-add-remove-button\">Aruba.it Ducati<\/td>\n<td class=\"tile-table-td__content--text hide-add-remove-button\">358<\/td>\n<\/tr>\n<tr class=\"tile-table_row__content bck-tile-table_row table-title-color  row-add-remove-button \" id=\"m22676-22675-22677\">\n<td class=\"tile-table-td__content--text hide-add-remove-button\">3. Y. MONTELLA<\/td>\n<td class=\"tile-table-td__content--text hide-add-remove-button\">Ducati Barni Spark<\/td>\n<td class=\"tile-table-td__content--text hide-add-remove-button\">211<\/td>\n<\/tr>\n<tr class=\"tile-table_row__content bck-tile-table_row table-title-color  row-add-remove-button \" id=\"m22681-22680-22682\">\n<td class=\"tile-table-td__content--text hide-add-remove-button\">4. A. LOWES<\/td>\n<td class=\"tile-table-td__content--text hide-add-remove-button\">Ducati Elf Marc Vds<\/td>\n<td class=\"tile-table-td__content--text hide-add-remove-button\">182<\/td>\n<\/tr>\n<tr class=\"tile-table_row__content bck-tile-table_row table-title-color  row-add-remove-button \" id=\"m22686-22685-22687\">\n<td class=\"tile-table-td__content--text hide-add-remove-button\">5. S. LOWES<\/td>\n<td class=\"tile-table-td__content--text hide-add-remove-button\">Bimota by Kawasaki<\/td>\n<td class=\"tile-table-td__content--text hide-add-remove-button\">177<\/td>\n<\/tr>\n<tr class=\"tile-table_row__content bck-tile-table_row table-title-color  row-add-remove-button \" id=\"m22691-22690-22692\">\n<td class=\"tile-table-td__content--text hide-add-remove-button\">6. A. BASSANI<\/td>\n<td class=\"tile-table-td__content--text hide-add-remove-button\">Bimota by Kawasaki<\/td>\n<td class=\"tile-table-td__content--text hide-add-remove-button\">153<\/td>\n<\/tr>\n<tr class=\"tile-table_row__content bck-tile-table_row table-title-color  row-add-remove-button \" id=\"m22696-22695-22697\">\n<td class=\"tile-table-td__content--text hide-add-remove-button\">7. L. BALDASSARRI<\/td>\n<td class=\"tile-table-td__content--text hide-add-remove-button\">Ducati GoEleven<\/td>\n<td class=\"tile-table-td__content--text hide-add-remove-button\">145<\/td>\n<\/tr>\n<tr class=\"tile-table_row__content bck-tile-table_row table-title-color  row-add-remove-button \" id=\"m22701-22700-22702\">\n<td class=\"tile-table-td__content--text hide-add-remove-button\">8. G. GERLOFF<\/td>\n<td class=\"tile-table-td__content--text hide-add-remove-button\">Kawasaki WorldSBK<\/td>\n<td class=\"tile-table-td__content--text hide-add-remove-button\">110<\/td>\n<\/tr>\n<tr class=\"tile-table_row__content bck-tile-table_row table-title-color  row-add-remove-button \" id=\"m22706-22705-22707\">\n<td class=\"tile-table-td__content--text hide-add-remove-button\">9. A. BAUTISTA<\/td>\n<td class=\"tile-table-td__content--text hide-add-remove-button\">Ducati Barni Spark<\/td>\n<td class=\"tile-table-td__content--text hide-add-remove-button\">107<\/td>\n<\/tr>\n<tr class=\"tile-table_row__content bck-tile-table_row table-title-color  row-add-remove-button \" id=\"m22711-22710-22712\">\n<td class=\"tile-table-td__content--text hide-add-remove-button\">10.\u00a0M. OLIVEIRA<\/td>\n<td class=\"tile-table-td__content--text hide-add-remove-button\">Rokit Bmw Motorrad<\/td>\n<td class=\"tile-table-td__content--text hide-add-remove-button\">106<\/td>\n<\/tr>\n<p class=\"is-copyright\">\u00a9 RIPRODUZIONE RISERVATA<\/p>\n","protected":false},"excerpt":{"rendered":"Dopo aver perso l&#8217;imbattibilit\u00e0 stagionale in Gara-1, Nicol\u00f2 Bulega torna a fare la voce grossa nella domenica di&hellip;\n","protected":false},"author":3,"featured_media":582007,"comment_status":"","ping_status":"","sticky":false,"template":"","format":"standard","meta":{"footnotes":"","_share_on_mastodon":"0"},"categories":[6],"tags":[320764,320765,320766,3658,105891,52316,105893,297341,105894,55930,320759,2304,62231,1932,57935,14,297348,320761,3438,6236,3369,8,1537,90,89,297340,3417,320762,320758,1353,129204,7,28075,67290,15,82,9,83,10,2953,6324,12715,1299,320760,15533,5908,320763,297342,297344,3339,4960,13,11,80,84,12,81,85,3481,2224],"class_list":["post-582006","post","type-post","status-publish","format-standard","has-post-thumbnail","category-ultime-notizie","tag-aggiudicandosi","tag-aggiudicandosi-entrambe","tag-aggiudicandosi-entrambe-gare","tag-alex","tag-alex-lowes","tag-axel","tag-axel-bassani","tag-baldassarri","tag-bassani","tag-bimota","tag-bridewell","tag-britannico","tag-bulega","tag-classifica","tag-classificati","tag-cronaca","tag-donington","tag-donington-park","tag-ducati","tag-giri","tag-giro","tag-headlines","tag-it","tag-italia","tag-italy","tag-lecuona","tag-lorenzo","tag-lorenzo-baldassarri","tag-lowes","tag-mondiale","tag-montella","tag-news","tag-nicolo","tag-nicolo-bulega","tag-notizie","tag-notizie-di-cronaca","tag-notizie-principali","tag-notiziedicronaca","tag-notizieprincipali","tag-park","tag-posizione","tag-race","tag-sam","tag-sam-lowes","tag-sesto","tag-superbike","tag-superbike-donington","tag-superpole","tag-superpole-race","tag-team","tag-terzo","tag-titoli","tag-ultime-notizie","tag-ultime-notizie-di-cronaca","tag-ultime-notizie-e-news-di-oggi","tag-ultimenotizie","tag-ultimenotiziedicronaca","tag-ultimenotizieenewsdioggi","tag-vantaggio","tag-vittoria"],"share_on_mastodon":{"url":"","error":"Validation failed: Text character limit of 500 exceeded"},"_links":{"self":[{"href":"https:\/\/www.europesays.com\/it\/wp-json\/wp\/v2\/posts\/582006","targetHints":{"allow":["GET"]}}],"collection":[{"href":"https:\/\/www.europesays.com\/it\/wp-json\/wp\/v2\/posts"}],"about":[{"href":"https:\/\/www.europesays.com\/it\/wp-json\/wp\/v2\/types\/post"}],"author":[{"embeddable":true,"href":"https:\/\/www.europesays.com\/it\/wp-json\/wp\/v2\/users\/3"}],"replies":[{"embeddable":true,"href":"https:\/\/www.europesays.com\/it\/wp-json\/wp\/v2\/comments?post=582006"}],"version-history":[{"count":0,"href":"https:\/\/www.europesays.com\/it\/wp-json\/wp\/v2\/posts\/582006\/revisions"}],"wp:featuredmedia":[{"embeddable":true,"href":"https:\/\/www.europesays.com\/it\/wp-json\/wp\/v2\/media\/582007"}],"wp:attachment":[{"href":"https:\/\/www.europesays.com\/it\/wp-json\/wp\/v2\/media?parent=582006"}],"wp:term":[{"taxonomy":"category","embeddable":true,"href":"https:\/\/www.europesays.com\/it\/wp-json\/wp\/v2\/categories?post=582006"},{"taxonomy":"post_tag","embeddable":true,"href":"https:\/\/www.europesays.com\/it\/wp-json\/wp\/v2\/tags?post=582006"}],"curies":[{"name":"wp","href":"https:\/\/api.w.org\/{rel}","templated":true}]}}