{"id":582068,"date":"2026-07-13T00:09:26","date_gmt":"2026-07-13T00:09:26","guid":{"rendered":"https:\/\/www.europesays.com\/it\/582068\/"},"modified":"2026-07-13T00:09:26","modified_gmt":"2026-07-13T00:09:26","slug":"danny-glover-annuncia-di-avere-lalzheimer-le-cose-cambieranno-ma-la-vita-continua","status":"publish","type":"post","link":"https:\/\/www.europesays.com\/it\/582068\/","title":{"rendered":"Danny Glover annuncia di avere l&#8217;Alzheimer: \u00abLe cose cambieranno, ma la vita continua\u00bb"},"content":{"rendered":"<p><strong>Danny Glover<\/strong> \u00e8 stato diagnosticato il <strong>morbo di Alzheimer<\/strong>. L\u2019attore ha aggiornato il pubblico sulle proprie condizioni in un segmento del programma <strong>\u201cToday\u201d<\/strong>, condotto da Lester Holt, precisando in un\u2019intervista preregistrata: \u00ab<strong>In un certo senso, potrei conviverci<\/strong>\u00bb.<\/p>\n<p>La star di <strong>\u201cArma letale\u201d<\/strong>, al fianco di <strong>Mel Gibson<\/strong>, ha spiegato di aver ricevuto la diagnosi \u00ab<strong>non molto tempo dopo<\/strong>\u00bb l\u2019<strong>Oscar onorario ottenuto nel 2022<\/strong>. Il <strong>79enne<\/strong> ha poi aggiunto: \u00ab<strong>Sono certo che, con il progredire della situazione, le cose saranno diverse e cambieranno ma la vita continua<\/strong>\u00bb. Ha quindi ringraziato la <strong>famiglia<\/strong>, che lo \u00ab<strong>sostiene assolutamente<\/strong>\u00bb.<\/p>\n<p><img loading=\"lazy\" decoding=\"async\" src=\"https:\/\/www.europesays.com\/it\/wp-content\/uploads\/2026\/07\/ChatGPT_Image_10_lug_2026,_18_53_02-1783702401157.jpg\" alt=\"\" width=\"1024\" height=\"1536\"\/><\/p>\n<p>La figlia, <strong>Mandisa<\/strong>, ha sottolineato quanto sia \u00ab<strong>davvero importante<\/strong>\u00bb per il padre \u00ab<strong>avere il controllo della propria narrazione, della storia della sua vita<\/strong>\u00bb. E ha proseguito: \u00ab<strong>\u00c8 davvero importante. Ed \u00e8 il momento giusto. Quale occasione migliore di questa, per lui, per parlare in prima persona?<\/strong> \u00c8 importante perch\u00e9 a volte la gente fa domande e io non voglio essere disonesta dicendo: Oh, s\u00ec, va tutto bene. \u00c8 tutto fantastico\u00bb.<\/p>\n<p>Quanto alla propria <strong>eredit\u00e0<\/strong>, Glover dice di essere concentrato sull\u2019<strong>educare i \u201cgiovani\u201d alle loro \u00abresponsabilit\u00e0\u00bb<\/strong>. L\u2019attore, <strong>candidato agli Emmy<\/strong>, ha spiegato: \u00ab<strong>La giustizia \u00e8 una nostra responsabilit\u00e0 collettiva<\/strong>\u00bb. Una cosa che ha imparato dai suoi genitori, nel corso di gran parte della sua vita, \u00e8 la <strong>capacit\u00e0 delle persone di cambiare<\/strong> grazie a se stesse. Diventano artefici del proprio cambiamento.<\/p>\n<p>In passato Glover ha parlato apertamente anche di altre difficolt\u00e0 di salute, in particolare della sua battaglia contro l\u2019<strong>epilessia<\/strong>. La <strong>prima crisi arriv\u00f2 a 15 anni<\/strong> e per i due decenni successivi fu trattata con farmaci. Con il tempo, per\u00f2, l\u2019attore \u2014 anche <strong>candidato ai Grammy<\/strong> \u2014 impar\u00f2 a \u00ab<strong>riconoscere quando stava per accadere<\/strong>\u00bb. \u00ab<strong>Ovunque mi trovassi, riuscivo a dire: mi sta succedendo qualcosa. Per favore, prendetemi. Tenetemi. Sto per avere una crisi<\/strong>\u00bb, ha ricordato.<\/p>\n<p>Rievoca inoltre un episodio durante una rappresentazione teatrale, quando, avvertiti i prodromi, si ripet\u00e9 dietro le quinte:\u00a0\u00ab<strong>Non avr\u00e0 questa crisi<\/strong>\u00bb. \u00ab<strong>Ogni volta mi sentivo un po\u2019 pi\u00f9 forte e i sintomi hanno iniziato a diminuire fino al punto in cui ero pronto a salire sul palco<\/strong>\u00bb, ha aggiunto.\u00a0<strong>Non ha pi\u00f9 avuto crisi epilettiche dall\u2019et\u00e0 di 35 anni<\/strong>.<\/p>\n","protected":false},"excerpt":{"rendered":"Danny Glover \u00e8 stato diagnosticato il morbo di Alzheimer. L\u2019attore ha aggiornato il pubblico sulle proprie condizioni in&hellip;\n","protected":false},"author":3,"featured_media":582069,"comment_status":"","ping_status":"","sticky":false,"template":"","format":"standard","meta":{"footnotes":"","_share_on_mastodon":"0"},"categories":[1451],"tags":[2998,188472,1621,1620,311509,76351,203,204,1537,90,89,320788,311508,37837,320790,320789,66186],"class_list":["post-582068","post","type-post","status-publish","format-standard","has-post-thumbnail","category-celebrita","tag-alzheimer","tag-arma-letale","tag-celebrita","tag-celebrities","tag-danny-glover","tag-emmy","tag-entertainment","tag-intrattenimento","tag-it","tag-italia","tag-italy","tag-lester-holt","tag-mandisa","tag-mel-gibson","tag-oscar-onorario-2022","tag-sally-field","tag-today"],"share_on_mastodon":{"url":"https:\/\/pubeurope.com\/@it\/116909767110936522","error":""},"_links":{"self":[{"href":"https:\/\/www.europesays.com\/it\/wp-json\/wp\/v2\/posts\/582068","targetHints":{"allow":["GET"]}}],"collection":[{"href":"https:\/\/www.europesays.com\/it\/wp-json\/wp\/v2\/posts"}],"about":[{"href":"https:\/\/www.europesays.com\/it\/wp-json\/wp\/v2\/types\/post"}],"author":[{"embeddable":true,"href":"https:\/\/www.europesays.com\/it\/wp-json\/wp\/v2\/users\/3"}],"replies":[{"embeddable":true,"href":"https:\/\/www.europesays.com\/it\/wp-json\/wp\/v2\/comments?post=582068"}],"version-history":[{"count":0,"href":"https:\/\/www.europesays.com\/it\/wp-json\/wp\/v2\/posts\/582068\/revisions"}],"wp:featuredmedia":[{"embeddable":true,"href":"https:\/\/www.europesays.com\/it\/wp-json\/wp\/v2\/media\/582069"}],"wp:attachment":[{"href":"https:\/\/www.europesays.com\/it\/wp-json\/wp\/v2\/media?parent=582068"}],"wp:term":[{"taxonomy":"category","embeddable":true,"href":"https:\/\/www.europesays.com\/it\/wp-json\/wp\/v2\/categories?post=582068"},{"taxonomy":"post_tag","embeddable":true,"href":"https:\/\/www.europesays.com\/it\/wp-json\/wp\/v2\/tags?post=582068"}],"curies":[{"name":"wp","href":"https:\/\/api.w.org\/{rel}","templated":true}]}}