{"id":582178,"date":"2026-07-13T02:34:22","date_gmt":"2026-07-13T02:34:22","guid":{"rendered":"https:\/\/www.europesays.com\/it\/582178\/"},"modified":"2026-07-13T02:34:22","modified_gmt":"2026-07-13T02:34:22","slug":"federico-quaranta-e-laggressione-a-milano-non-e-colpa-della-citta-il-sindaco-sala-mi-ha-chiamato","status":"publish","type":"post","link":"https:\/\/www.europesays.com\/it\/582178\/","title":{"rendered":"Federico Quaranta e l\u2019aggressione a Milano: \u201cNon \u00e8 colpa della citt\u00e0. Il sindaco Sala mi ha chiamato&#8230;\u201d"},"content":{"rendered":"<p>Di quello che \u00e8 successo &#8220;non voglio pi\u00f9 parlare. Vorrei derubricarla a rapina. Pu\u00f2 succedere, \u00e8 capitato. <strong>Secondo me non \u00e8 colpa di Milano<\/strong>, non \u00e8 colpa di niente. Avrei tante cose da dire, magari poi lo far\u00f2 anche chiamando <strong>a confronto il sindaco Sala<\/strong>. Ci siamo gi\u00e0 sentiti, mi ha telefonato naturalmente e <strong>mi ha espresso la sua vicinanza,<\/strong> ma non \u00e8 successo niente di che, se non una rapina&#8221;.<\/p>\n<p>Lo dice fermo ma con un sorriso <strong>Federico Quaranta<\/strong>, parlando con l&#8217;Ansa\u00a0a proposito <a rel=\"follow nofollow noopener\" href=\"https:\/\/www.ilgiorno.it\/cronaca\/federico-quaranta-aggredito-ypuvmz53\" target=\"_blank\">dell&#8217;aggressione sventata a Milano <\/a>qualche giorno fa.<\/p>\n<p> <img alt=\"Federico Quaranta e il messaggio pubblicato su Instagram dopo l'aggressione subita a Milano\" loading=\"lazy\" width=\"1600\" height=\"1066\" decoding=\"async\" data-nimg=\"1\" style=\"color:transparent;max-width:100%;height:auto\"   src=\"https:\/\/www.europesays.com\/it\/wp-content\/uploads\/2026\/07\/federico-quaranta-e-il-messaggio-pubblicato-su-instagram-dopo-l-aggressione-subita-a-milano.webp\"\/><\/p>\n<p>Federico Quaranta e il messaggio pubblicato su Instagram dopo l&#8217;aggressione subita a Milano<\/p>\n<p>Gli impegni televisivi <\/p>\n<p>Il conduttore \u00e8 stato tra i protagonisti dell&#8217;incontro &#8216;Matera Capitale Mediterranea della Cultura e del Dialogo&#8217; alla 25\/a edizione de Il Libro Possibile, il festival sostenuto da Pirelli in corso a Polignano a Mare. &#8220;Un altro sindaco che amo, quello di Matera, <strong>Antonio Nicoletti<\/strong>, mi ha chiamato per raccontare la citt\u00e0. E questa cosa mi riempie di orgoglio perch\u00e9 <strong>io non sono materano ma genovese <\/strong>&#8211; spiega -. Non ho mai raccontato Genova, ma mi chiamano per raccontare Matera, perch\u00e9 l&#8217;ho attraversata, sono sceso nelle profondit\u00e0 della Gravina, l&#8217;ho studiata e ogni volta che ci vado sento un radicamento profondissimo. E allora ho detto s\u00ec, proprio per l&#8217;amore che ho per la citt\u00e0&#8221;. Quaranta sar\u00e0 di nuovo nella prossima stagione in onda sia su Rai 1 che su Rai 3: sull&#8217;ammiraglia Rai &#8220;torno nella fascia del sabato, che \u00e8 quella che va da mezzogiorno&#8221; dove si succederanno alcuni spinoff di Linea verde.<strong> Poi c&#8217;\u00e8 &#8216;Il provinciale&#8217; su Rai 3<\/strong>, a cui tengo tantissimo: un programma di antropologia, di sociologia. Stavolta cominciamo il 7 di settembre alle ore 20.10 e sono viaggi che durano una settimana. Le puntate le puoi vedere anche singolarmente, \u00e8 la logica della serie, per\u00f2 tutte insieme raccontano un territorio per 5 giorni, da luned\u00ec al venerd\u00ec&#8221;. Contemporaneamente alla messa in onda &#8220;noi saremo in campo a registrare le altre 60 puntate, che varieranno un po&#8217; nel tema portante perch\u00e9 parleremo della cucina italiana come patrimonio dell&#8217;Unesco. Sappiamo meglio di chiunque altro che la cucina \u00e8 antropologia pura. Per capire un popolo sulla Terra si deve prima di tutto guardare come e dove quel popolo mangia&#8221;. Sono 20 anni &#8220;che faccio questo mestiere &#8211; ricorda &#8211; e che io ogni settimana<strong> sono in giro su uno o due o tre territori diversi per raccontarli<\/strong>. Ancora oggi le persone si stupiscono, mi dicono che faccio un lavoro incredibile perch\u00e9 le storie che racconto sono cos\u00ec profonde. <strong>Quelle sono il nostro patrimonio<\/strong>, la nostra ricchezza. Sono le storie di tutti. E&#8217; per questo che continuo a camminare e a raccontare&#8221;.<\/p>\n<p>Lo sfogo social <\/p>\n<p>Nei giorni scorsi Quaranta aveva pubblicato sui social un post in cui raccontava <strong>l\u2019aggressione da parte di due giovani avvenuta a Milano<\/strong>: avrebbero voluto rubargli l\u2019orologio appartenuto al padre ma il conduttore televisivo ha respinto l\u2019assalto, reagendo. Una reazione che, ammette, sarebbe potuta costargli anche caro. Nel messaggio circolato in rete Quaranta ha paragonato Milano a un inferno dantesco al contrario.\u00a0<\/p>\n<p>Chi \u00e8\u00a0 <\/p>\n<p>Genovese, classe 1967, <strong>Federico Quaranta \u00e8 un conduttore e autore radiotelevisivo <\/strong>specializzato nella divulgazione enogastronomica, nella cultura e nel racconto del territorio italiano. Nel corso della sua carriera ha consolidato la propria presenza sia in ambito radiofonico che televisivo grazie a programmi di successo incentrati sulle tradizioni e sulle eccellenze del Paese. Dal punto di vista radiofonico, Quaranta \u00e8 autore e voce storica di Decanter su Rai Radio 2, trasmissione avviata nel 2003 e dedicata al mondo dell&#8217;enogastronomia con un linguaggio accessibile e divulgativo. Sul piccolo schermo ha legato in passato il suo nome alla conduzione di trasmissioni di punta della prima rete Rai, tra cui Linea Verde, Linea Verde Sentieri e il cooking show La Prova del Cuoco, a cui si aggiungono le precedenti esperienze nei programmi Magica Italia &#8211; Turismo e Turisti su Rai 1 nel 2009 e Fuori di gusto su LA7 nel 2012.<\/p>\n","protected":false},"excerpt":{"rendered":"Di quello che \u00e8 successo &#8220;non voglio pi\u00f9 parlare. Vorrei derubricarla a rapina. Pu\u00f2 succedere, \u00e8 capitato. Secondo&hellip;\n","protected":false},"author":3,"featured_media":582179,"comment_status":"","ping_status":"","sticky":false,"template":"","format":"standard","meta":{"footnotes":"","_share_on_mastodon":"0"},"categories":[174],"tags":[4593,714,1819,2905,203,7217,204,1537,90,89,28,102815,18,19],"class_list":["post-582178","post","type-post","status-publish","format-standard","has-post-thumbnail","category-intrattenimento","tag-aggressione","tag-chiamato","tag-citta","tag-colpa","tag-entertainment","tag-federico","tag-intrattenimento","tag-it","tag-italia","tag-italy","tag-milano","tag-quaranta","tag-sala","tag-sindaco"],"share_on_mastodon":{"url":"https:\/\/pubeurope.com\/@it\/116910337305426830","error":""},"_links":{"self":[{"href":"https:\/\/www.europesays.com\/it\/wp-json\/wp\/v2\/posts\/582178","targetHints":{"allow":["GET"]}}],"collection":[{"href":"https:\/\/www.europesays.com\/it\/wp-json\/wp\/v2\/posts"}],"about":[{"href":"https:\/\/www.europesays.com\/it\/wp-json\/wp\/v2\/types\/post"}],"author":[{"embeddable":true,"href":"https:\/\/www.europesays.com\/it\/wp-json\/wp\/v2\/users\/3"}],"replies":[{"embeddable":true,"href":"https:\/\/www.europesays.com\/it\/wp-json\/wp\/v2\/comments?post=582178"}],"version-history":[{"count":0,"href":"https:\/\/www.europesays.com\/it\/wp-json\/wp\/v2\/posts\/582178\/revisions"}],"wp:featuredmedia":[{"embeddable":true,"href":"https:\/\/www.europesays.com\/it\/wp-json\/wp\/v2\/media\/582179"}],"wp:attachment":[{"href":"https:\/\/www.europesays.com\/it\/wp-json\/wp\/v2\/media?parent=582178"}],"wp:term":[{"taxonomy":"category","embeddable":true,"href":"https:\/\/www.europesays.com\/it\/wp-json\/wp\/v2\/categories?post=582178"},{"taxonomy":"post_tag","embeddable":true,"href":"https:\/\/www.europesays.com\/it\/wp-json\/wp\/v2\/tags?post=582178"}],"curies":[{"name":"wp","href":"https:\/\/api.w.org\/{rel}","templated":true}]}}