{"id":582352,"date":"2026-07-13T06:56:19","date_gmt":"2026-07-13T06:56:19","guid":{"rendered":"https:\/\/www.europesays.com\/it\/582352\/"},"modified":"2026-07-13T06:56:19","modified_gmt":"2026-07-13T06:56:19","slug":"bianca-guaccero-con-giovanni-pernice-non-balliamo-piu","status":"publish","type":"post","link":"https:\/\/www.europesays.com\/it\/582352\/","title":{"rendered":"Bianca Guaccero: \u00abCon Giovanni Pernice non balliamo pi\u00f9\u00bb"},"content":{"rendered":"<p>\n                          \u00abSono fidanzata con un maestro di ballo&#8230; ma non balliamo pi\u00f9!\u00bb. \u00c8 una scherzosa <strong><a style=\"color: #ff0000;\" href=\"https:\/\/www.oggi.it\/personaggi\/bianca-guaccero\/\" rel=\"nofollow noopener\" target=\"_blank\">Bianca Guaccero<\/a><\/strong> quella che si presenta ai giornalisti presenti al Bct festival di Benevento. A vent&#8217;anni dal debutto di Capri, l&#8217;attrice e conduttrice guarda con emozione al ritorno della fiction su Rai 1 e racconta quanto il pubblico sia ancora legato a quella storia: \u00abNonostante il tempo passato, sta andando bene, gli ascolti stanno crescendo. Tutti scrivono che conoscono la serie a memoria, ma soprattutto sta succedendo una cosa molto tenera: tanti ricordano la loro infanzia, le persone con cui guardavano Capri, magari le nonne che oggi non ci sono pi\u00f9\u00bb. E svela le emozioni provate <strong><a style=\"color: #ff0000;\" href=\"https:\/\/www.oggi.it\/people\/royal-family\/2026\/06\/18\/kate-middleton-dopo-la-malattia-torna-al-royal-ascot-e-splende-in-un-abito-giallo-limone\/\" rel=\"nofollow noopener\" target=\"_blank\">durante il Royal Ascot<\/a><\/strong> e una delle esperienze televisive pi\u00f9 intense degli ultimi mesi: Dalla strada al palco, al fianco di Carlo Conti.\n                        <\/p>\n<p>                        Al Royal Ascot, prendendo come modello Kate Middleton\u00abSembrava di essere in Bridgerton!\u00bb, racconta Guaccero. \u00abVedevi queste donne meravigliose con i cappelli, vestite in modo elegantissimo, gli uomini con il cilindro e il frac. Sembrava davvero di essere catapultati in un&#8217;altra epoca. Poi, a un certo punto, sono arrivati re Carlo e Camilla in carrozza: sembrava veramente un film. Io ero l\u00ec a guardarli e pensavo: &#8220;Oddio, sono qui, non ci posso credere&#8221;\u00bb. Sulla scelta del cappellino giusto: \u00abMe l&#8217;ha prestato un&#8217;amica di Giovanni. Lui ha vissuto dieci anni a Londra e ha degli amici carissimi che <strong><a style=\"color: #ff0000;\" href=\"https:\/\/www.oggi.it\/video\/people\/celebs\/2026\/06\/17\/bianca-guaccero-e-giovanni-pernice-che-sorpresa-insieme-al-royal-ascot\/\" rel=\"nofollow noopener\" target=\"_blank\">ci hanno invitati ad Ascot<\/a><\/strong>. Questa sua amica aveva tantissimi cappelli e me li ha fatti trovare tutti sul letto, dicendomi: &#8220;Scegli quello che sta meglio con il tuo abito&#8221;. Ho scelto quello perch\u00e9 era color acqua, proprio come il vestito a pois. Che era un omaggio a Julia Roberts, ma anche Kate Middleton, che usa spesso questo stile\u00bb.<\/p>\n<p>                            <img loading=\"lazy\" decoding=\"async\" src=\"https:\/\/www.europesays.com\/it\/wp-content\/uploads\/2026\/07\/f499a3027a20136323947e2758fef843.jpg\" alt=\"Bianca Guaccero e Giovanni Pernice al Royal Ascot (Instagram)\" width=\"1200\" height=\"1200\" class=\"aligncenter\"\/><\/p>\n<p class=\"article__imageInfoText\" style=\"width: 100%; padding-bottom: 20px\">\n                              Bianca Guaccero e Giovanni Pernice al Royal Ascot (Instagram)\n                            <\/p>\n<p>                        Dopo Ballando con le stelle, la passione rimaneDopo la vittoria a Ballando con le stelle, Guaccero racconta che non sono pi\u00f9 molte le occasioni in cui ha potuto danzare:\u00a0\u00abC&#8217;\u00e8 un detto che dice che il calzolaio ha sempre le scarpe rotte. <strong><a style=\"color: #ff0000;\" href=\"https:\/\/www.oggi.it\/people\/gossip\/amori\/2025\/06\/13\/bianca-guaccero-e-giovanni-pernice-amore-a-gonfie-vele-nellazzurro-mare-di-barbados\/\" rel=\"nofollow noopener\" target=\"_blank\">Io sono fidanzata con il mio maestro<\/a><\/strong>&#8230; e non balliamo pi\u00f9! Ci eravamo ripromessi di continuare a fare lezioni. Gli dicevo: &#8220;Dai, una volta a settimana, anche due volte al mese, facciamole. Non voglio perdere la postura del ballroom, il latino&#8221;\u00bb, prosegue con un sorriso. \u00abPer\u00f2 lui insegna agli altri e io do la priorit\u00e0 alle sue allieve e ai suoi allievi. Ma non voglio perdere questo allenamento, questo contatto con il corpo, perch\u00e9 il ballo diventa davvero una conoscenza di s\u00e9 e anche delle emozioni che si vogliono trasmettere attraverso il proprio corpo\u00bb.<\/p>\n<p>                            <img loading=\"lazy\" decoding=\"async\" src=\"https:\/\/www.europesays.com\/it\/wp-content\/uploads\/2026\/07\/9e799aea01310564de8ae0d10a1a325a.jpg\" alt=\"Bianca Guaccero al Bct festival di Benevento (Ufficio stampa\/Antonio Guastafierro)\" width=\"1200\" height=\"800\" class=\"aligncenter\"\/><\/p>\n<p class=\"article__imageInfoText\" style=\"width: 100%; padding-bottom: 20px\">\n                              Bianca Guaccero al Bct festival di Benevento (Ufficio stampa\/Antonio Guastafierro)\n                            <\/p>\n<p>                        Dalla strada al palco, che esperienzaGuaccero \u00e8 stata al fianco di Carlo Conti nell&#8217;avventura di Dalla strada al palco, programma tv dedicato alla scoperta di talenti tra gli artisti di strada.\u00a0\u00abSono state tante le storie che mi hanno colpito. Sicuramente per me \u00e8 stato un grande cambiamento: era completamente diverso dal solito, anche perch\u00e9 io non amo giudicare, nel senso pi\u00f9 stretto del termine. Ho deciso invece di lasciarmi trasportare dalle emozioni che questi artisti riuscivano a trasmettermi\u00bb, ha spiegato. \u00abQuello che mi \u00e8 rimasto di pi\u00f9 nel cuore sono stati due ragazzi con cui ho anche interagito durante l&#8217;esibizione. Mi sono prestata a questa acrobazia: sono stata appesa con un cavo sostenuta dal polso. La loro non era soltanto un&#8217;esibizione. Attraverso quel numero raccontavano una storia: quella dell&#8217;amore e del rapporto di coppia, fatto di cadute, fiducia, del coraggio di lasciarsi andare senza paura. Mi hanno emozionata tantissimo e li porter\u00f2 sempre nel cuore.\u00bb<\/p>\n","protected":false},"excerpt":{"rendered":"\u00abSono fidanzata con un maestro di ballo&#8230; ma non balliamo pi\u00f9!\u00bb. \u00c8 una scherzosa Bianca Guaccero quella che&hellip;\n","protected":false},"author":3,"featured_media":582353,"comment_status":"","ping_status":"","sticky":false,"template":"","format":"standard","meta":{"footnotes":"","_share_on_mastodon":"0"},"categories":[1451],"tags":[7074,8807,222570,2370,2371,299092,15427,320899,320900,320901,320902,42801,842,1822,320903,55736,7581,2387,5216,1621,1620,1411,3591,6036,1278,2104,203,12856,4631,10453,320898,2759,14939,320895,204,1537,90,89,15263,2298,88110,1989,2198,320896,11603,3726,320897],"class_list":["post-582352","post","type-post","status-publish","format-standard","has-post-thumbnail","category-celebrita","tag-amica","tag-artisti","tag-ascot","tag-ballando","tag-ballando-stelle","tag-balliamo","tag-ballo","tag-ballo-balliamo","tag-bct","tag-bct-festival","tag-bct-festival-benevento","tag-benevento","tag-bianca","tag-bianca-guaccero","tag-bianca-guaccero-giovanni","tag-cappelli","tag-capri","tag-carlo","tag-carlo-conti","tag-celebrita","tag-celebrities","tag-conti","tag-corpo","tag-cuore","tag-davvero","tag-emozioni","tag-entertainment","tag-esibizione","tag-festival","tag-fidanzata","tag-fidanzata-maestro","tag-giovanni","tag-giovanni-pernice","tag-guaccero","tag-intrattenimento","tag-it","tag-italia","tag-italy","tag-maestro","tag-palco","tag-pernice","tag-racconta","tag-royal","tag-royal-ascot","tag-sembrava","tag-strada","tag-strada-palco"],"share_on_mastodon":{"url":"","error":"Validation failed: Text character limit of 500 exceeded"},"_links":{"self":[{"href":"https:\/\/www.europesays.com\/it\/wp-json\/wp\/v2\/posts\/582352","targetHints":{"allow":["GET"]}}],"collection":[{"href":"https:\/\/www.europesays.com\/it\/wp-json\/wp\/v2\/posts"}],"about":[{"href":"https:\/\/www.europesays.com\/it\/wp-json\/wp\/v2\/types\/post"}],"author":[{"embeddable":true,"href":"https:\/\/www.europesays.com\/it\/wp-json\/wp\/v2\/users\/3"}],"replies":[{"embeddable":true,"href":"https:\/\/www.europesays.com\/it\/wp-json\/wp\/v2\/comments?post=582352"}],"version-history":[{"count":0,"href":"https:\/\/www.europesays.com\/it\/wp-json\/wp\/v2\/posts\/582352\/revisions"}],"wp:featuredmedia":[{"embeddable":true,"href":"https:\/\/www.europesays.com\/it\/wp-json\/wp\/v2\/media\/582353"}],"wp:attachment":[{"href":"https:\/\/www.europesays.com\/it\/wp-json\/wp\/v2\/media?parent=582352"}],"wp:term":[{"taxonomy":"category","embeddable":true,"href":"https:\/\/www.europesays.com\/it\/wp-json\/wp\/v2\/categories?post=582352"},{"taxonomy":"post_tag","embeddable":true,"href":"https:\/\/www.europesays.com\/it\/wp-json\/wp\/v2\/tags?post=582352"}],"curies":[{"name":"wp","href":"https:\/\/api.w.org\/{rel}","templated":true}]}}