{"id":582381,"date":"2026-07-13T07:23:20","date_gmt":"2026-07-13T07:23:20","guid":{"rendered":"https:\/\/www.europesays.com\/it\/582381\/"},"modified":"2026-07-13T07:23:20","modified_gmt":"2026-07-13T07:23:20","slug":"raoul-bova-e-beatrice-arnera-prime-prove-di-famiglia-con-la-piccola-matilde","status":"publish","type":"post","link":"https:\/\/www.europesays.com\/it\/582381\/","title":{"rendered":"Raoul Bova e Beatrice Arnera, prime prove di famiglia con la piccola Matilde"},"content":{"rendered":"<p>                        <img loading=\"lazy\" decoding=\"async\" src=\"https:\/\/www.europesays.com\/it\/wp-content\/uploads\/2026\/07\/894d9ac0539d1ec78e1da2fdf382353c.jpg\" alt=\"Roma. Appena usciti di casa, Beatrice Arnera, la figlia Matilde e il compagno Raoul Bova, si avviano silenziosi verso una caffetteria per fare colazione\" class=\"articlePreview__img\"\/><\/p>\n<p class=\"article__imageInfoText\">\n                      Roma. Appena usciti di casa, Beatrice Arnera, la figlia Matilde e il compagno Raoul Bova, si avviano silenziosi verso una caffetteria per fare colazione\n                    <\/p>\n<p>\n                          Sar\u00e0 che si sono svegliati da poco. Sar\u00e0 l&#8217;abbraccio rovente dell&#8217;estate romana. E sar\u00e0 pure la presenza della figlia di lei, Matilde. Fatto sta che, rispetto al tripudio di sguardi &#8220;spaccanti&#8221; e baci schioccanti delle prime uscite pubbliche, l&#8217;amore tra Raoul Bova e Beatrice Arnera sta assumendo le sembianze di un prodotto da banco surgelati: composto, rigido e leggermente brinato &#8211; <a href=\"https:\/\/www.oggi.it\/people\/gallery\/bova-e-arnera-a-spasso-per-roma-con-la-figlia-matilde-musi-lunghi-e-poche-parole-guarda-le-foto\/\" target=\"_blank\" rel=\"nofollow noopener\"><strong>Foto<\/strong><\/a> | <a href=\"https:\/\/www.oggi.it\/video\/spettacoli\/tv\/2026\/02\/13\/amici-comuni-intervista-al-cast-del-film-con-bova-e-arnera\/\" target=\"_blank\" rel=\"noopener nofollow\"><strong>video<\/strong><\/a>\n                        <\/p>\n<p>\n                          <a href=\"https:\/\/www.oggi.it\/people\/celebs\/2026\/06\/17\/chiara-giordano-ex-di-raoul-bova-il-nostro-rapporto-e-ottimo-non-abbiamo-mai-smesso-di-essere-genitori-insieme\/\" target=\"_blank\" rel=\"nofollow noopener\">Chiara Giordano, ex di Raoul Bova: \u00abIl nostro rapporto \u00e8 ottimo. Non abbiamo mai smesso di essere genitori insieme\u00bb &#8211; l<strong>eggi<\/strong><\/a>\n                        <\/p>\n<p>                            <img loading=\"lazy\" decoding=\"async\" src=\"https:\/\/www.europesays.com\/it\/wp-content\/uploads\/2026\/07\/2a77716e4f20df5374ea24c53099b145.jpg\" alt=\"Raoul Bova e Beatrice Arnera a spasso sotto il sole romano con la figlia di lei Matilde: poche parole e musi lunghi (Oggi)\" width=\"800\" height=\"889\" class=\"aligncenter\"\/><\/p>\n<p class=\"article__imageInfoText\" style=\"width: 100%; padding-bottom: 20px\">\n                              Raoul Bova e Beatrice Arnera a spasso sotto il sole romano con la figlia di lei Matilde: poche parole e musi lunghi (Oggi)\n                            <\/p>\n<p>                        Una colazione e poi in piscinaVisti in un giorno feriale di fine giugno, Beatrice e Raoul non sembrano gli stessi che meno d&#8217;un anno fa buttarono all&#8217;aria le loro vite per amore. Alle 10 escono dalla loro casa nel quartiere Prati, raggiungono a piedi un bar della zona e tra cornetti, cappucci e spremute, rimangono dentro mezz&#8217;ora. Il primo a uscire \u00e8 lui. \u00c8 impegnato in una telefonata e s&#8217;incammina. Poi arriva lei con la bambina in braccio, lui chiude la chiamata e il gruppo si ricompatta.<\/p>\n<p>\n                          <a href=\"https:\/\/www.oggi.it\/people\/celebs\/2026\/02\/19\/raoul-bova-e-beatrice-arnera-verso-la-convivenza-lultima-indiscrezione\/\" target=\"_blank\" rel=\"noopener nofollow\">Raoul Bova e Beatrice Arnera verso la convivenza? L\u2019ultima indiscrezione &#8211; <strong>Leggi<\/strong><\/a>\n                        <\/p>\n<p>                        <strong>Di poche parole<\/strong>Tra loro tutto tace. Poi, davanti alla loro auto, lui si fruga nelle tasche e finalmente si dicono qualcosa. Impossibile sentirli, ma potrebbe essere un classico della vita di coppia: \u00abLe chiavi della macchina le hai tu?\u00bb. Salgono e vanno alla piscina del circolo Due Ponti, indirizzo esclusivo dell&#8217;estate romana. Ma anche l\u00ec, niente baci, niente mani intrecciate, niente occhi negli occhi. Del resto, l&#8217;amore adulto \u00e8 anche questo e, superata la fase bruciante della passione, l&#8217;importante \u00e8 che qualcuno si sia ricordato di prendere i salviettoni e la protezione 50.<\/p>\n","protected":false},"excerpt":{"rendered":"Roma. Appena usciti di casa, Beatrice Arnera, la figlia Matilde e il compagno Raoul Bova, si avviano silenziosi&hellip;\n","protected":false},"author":3,"featured_media":582382,"comment_status":"","ping_status":"","sticky":false,"template":"","format":"standard","meta":{"footnotes":"","_share_on_mastodon":"0"},"categories":[1451],"tags":[87,66756,19850,14610,88645,11962,91952,91953,1621,1620,2235,203,1533,320945,3384,123406,204,1537,90,89,3266,12325,1890,14492,4425,1399,376,102348,7970],"class_list":["post-582381","post","type-post","status-publish","format-standard","has-post-thumbnail","category-celebrita","tag-amore","tag-arnera","tag-baci","tag-beatrice","tag-beatrice-arnera","tag-bova","tag-bova-beatrice","tag-bova-beatrice-arnera","tag-celebrita","tag-celebrities","tag-coppia","tag-entertainment","tag-estate","tag-estate-romana","tag-figlia","tag-figlia-matilde","tag-intrattenimento","tag-it","tag-italia","tag-italy","tag-leggi","tag-matilde","tag-occhi","tag-poche","tag-prime","tag-raoul","tag-raoul-bova","tag-raoul-bova-beatrice","tag-romana"],"share_on_mastodon":{"url":"https:\/\/pubeurope.com\/@it\/116911473675651931","error":""},"_links":{"self":[{"href":"https:\/\/www.europesays.com\/it\/wp-json\/wp\/v2\/posts\/582381","targetHints":{"allow":["GET"]}}],"collection":[{"href":"https:\/\/www.europesays.com\/it\/wp-json\/wp\/v2\/posts"}],"about":[{"href":"https:\/\/www.europesays.com\/it\/wp-json\/wp\/v2\/types\/post"}],"author":[{"embeddable":true,"href":"https:\/\/www.europesays.com\/it\/wp-json\/wp\/v2\/users\/3"}],"replies":[{"embeddable":true,"href":"https:\/\/www.europesays.com\/it\/wp-json\/wp\/v2\/comments?post=582381"}],"version-history":[{"count":0,"href":"https:\/\/www.europesays.com\/it\/wp-json\/wp\/v2\/posts\/582381\/revisions"}],"wp:featuredmedia":[{"embeddable":true,"href":"https:\/\/www.europesays.com\/it\/wp-json\/wp\/v2\/media\/582382"}],"wp:attachment":[{"href":"https:\/\/www.europesays.com\/it\/wp-json\/wp\/v2\/media?parent=582381"}],"wp:term":[{"taxonomy":"category","embeddable":true,"href":"https:\/\/www.europesays.com\/it\/wp-json\/wp\/v2\/categories?post=582381"},{"taxonomy":"post_tag","embeddable":true,"href":"https:\/\/www.europesays.com\/it\/wp-json\/wp\/v2\/tags?post=582381"}],"curies":[{"name":"wp","href":"https:\/\/api.w.org\/{rel}","templated":true}]}}