{"id":582470,"date":"2026-07-13T08:44:16","date_gmt":"2026-07-13T08:44:16","guid":{"rendered":"https:\/\/www.europesays.com\/it\/582470\/"},"modified":"2026-07-13T08:44:16","modified_gmt":"2026-07-13T08:44:16","slug":"pensavo-fosse-un-pelo-incarnito-era-una-puntura-di-zecca-africana-stefano-corti-de-le-iene-ricoverato-per-rickettsiosi","status":"publish","type":"post","link":"https:\/\/www.europesays.com\/it\/582470\/","title":{"rendered":"\u00abPensavo fosse un pelo incarnito, era una puntura di zecca africana\u00bb: Stefano Corti de Le Iene ricoverato per rickettsiosi"},"content":{"rendered":"<p>&#13;<br \/>\n                               &#13;<br \/>\n                                                &#13;<br \/>\n                &#13;<\/p>\n<p>Disavventura per <strong><a href=\"https:\/\/www.leggo.it\/t\/stefano-corti\" rel=\"nofollow noopener\" target=\"_blank\">Stefano Corti<\/a><\/strong>, noto inviato del programma televisivo <strong><a href=\"https:\/\/www.leggo.it\/t\/le-iene\" rel=\"nofollow noopener\" target=\"_blank\">Le Iene<\/a><\/strong>. Di rientro da un recente viaggio in Sudafrica, il conduttore ha iniziato ad accusare sintomi severi, tra cui febbre molto alta e forti dolori, che hanno reso necessario il ricovero ospedaliero d&#8217;urgenza. All&#8217;origine del malore c&#8217;\u00e8 il morso di una <strong>zecca africana<\/strong>, che ha trasmesso al volto tv un&#8217;infezione batterica nota come <strong>rickettsiosi<\/strong>.<\/p>\n<p>&#13;<br \/>\n&#13;<br \/>\n<strong>Che cosa \u00e8 successo<\/strong>&#13;<br \/>\n&#13;<\/p>\n<p><strong><img decoding=\"async\" alt=\"\" src=\"https:\/\/www.europesays.com\/it\/wp-content\/uploads\/2026\/07\/steffano_corti_13083248.jpg\"\/><\/strong><\/p>\n<p>&#13;<br \/>\n&#13;<\/p>\n<p>Attraverso la sua pagina ufficiale Instagram, il conduttore televisivo ha raccontato la brutta disavventura vissuta nei giorni scorsi, con tanto di immagini della ferita sulla gamba. \u00abMi morde una zecca quando ero in Africa, ma non me ne accorgo &#8211;\u00a0racconta Corti nelle sue storie IG &#8211;\u00a0 all\u2019inizio pensavo che la ferita fosse riconducibile a un pelo incarnito. Cinque giorni dopo dal rientro dal SudAfrica ho iniziato ad avvertire nausea e dolori alle ossa. Poi mi si \u00e8 gonfiato un linfonodo e ho iniziato un antibiotico\u00bb. Nonostante le cure, le condizioni di salute di Stefano Corti, peggiorano: \u00abHo avuto i brividi, la febbre prima a 39.5 e poi a 40. E alla fine mi hanno ricoverato in ospedale\u00bb.<\/p>\n<p>&#13;<br \/>\n&#13;<br \/>\n<strong>La diagnosi<\/strong>&#13;<br \/>\n&#13;<\/p>\n<p>Quando \u00e8 arrivato in pronto soccorso, l\u2019inviato delle Iene ha detto ai sanitari\u00a0 milanesi che lo hanno preso in carico di essere stato in Africa, in zone dove la malaria \u00e8 presente, anche se questa in corso non \u00e8 la stagione di maggiore attivit\u00e0 delle zanzare. <\/p>\n<p>L\u2019infettivologa ha compreso subito la gravit\u00e0 delle sue condizioni e ha confermato la diagnosi: rickettsiosi, un gruppo di malattie causate da batteri trasmessi da artropodi come pulci, acari e zecche. \u00abUn\u2019infezione batterica che, se non riconosciuta e tratta in tempo, pu\u00f2 diventare anche seria. L\u2019infettivologa ha spiegato &#8211;\u00a0prosegue ancora Stefano Corti nelle sue storie IG &#8211;\u00a0che nel momento in cui le\u00a0zecche ti mordono, rilasciano una sorta di anestetico e la vittima non si accorge del morso dell\u2019insetto, che si nutre finch\u00e9 non si stacca da solo. Una volta staccatosi dalla pelle passa, l\u2019effetto dell\u2019anestetico\u00a0 passa e inizia a farsi sentire il batterio trasmesso, che intacca le cellule dall\u2019interno\u00bb. Stefano Corti \u00e8 stato dimesso dall\u2019ospedale e, nelle scorse ore,\u00a0ha fatto ritorno nella sua abitazione. \u00abDopo tre giorni di antibiotico mi sto riprendendo\u00bb, ha detto,\u00a0ringraziando i follower per i messaggi e l\u2019affetto ricevuti.                                &#13;<br \/>\n                &#13;<br \/>\n&#13;<br \/>\n                Ultimo aggiornamento: luned\u00ec 13 luglio 2026, 08:56&#13;<br \/>\n                <br \/>&#13;<br \/>\n                &#13;<br \/>\n                  &#13;<br \/>\n                    &#13;<br \/>\n                        \u00a9 RIPRODUZIONE RISERVATA&#13;<\/p>\n<p>&#13;<\/p>\n<p>                    &#13;<\/p>\n","protected":false},"excerpt":{"rendered":"&#13; &#13; &#13; &#13; Disavventura per Stefano Corti, noto inviato del programma televisivo Le Iene. Di rientro da&hellip;\n","protected":false},"author":3,"featured_media":582471,"comment_status":"","ping_status":"","sticky":false,"template":"","format":"standard","meta":{"footnotes":"","_share_on_mastodon":"0"},"categories":[1451],"tags":[1621,1620,203,204,1537,90,89,39071,38323,5039],"class_list":["post-582470","post","type-post","status-publish","format-standard","has-post-thumbnail","category-celebrita","tag-celebrita","tag-celebrities","tag-entertainment","tag-intrattenimento","tag-it","tag-italia","tag-italy","tag-le-iene","tag-stefano-corti","tag-zecca"],"share_on_mastodon":{"url":"https:\/\/pubeurope.com\/@it\/116911792114593698","error":""},"_links":{"self":[{"href":"https:\/\/www.europesays.com\/it\/wp-json\/wp\/v2\/posts\/582470","targetHints":{"allow":["GET"]}}],"collection":[{"href":"https:\/\/www.europesays.com\/it\/wp-json\/wp\/v2\/posts"}],"about":[{"href":"https:\/\/www.europesays.com\/it\/wp-json\/wp\/v2\/types\/post"}],"author":[{"embeddable":true,"href":"https:\/\/www.europesays.com\/it\/wp-json\/wp\/v2\/users\/3"}],"replies":[{"embeddable":true,"href":"https:\/\/www.europesays.com\/it\/wp-json\/wp\/v2\/comments?post=582470"}],"version-history":[{"count":0,"href":"https:\/\/www.europesays.com\/it\/wp-json\/wp\/v2\/posts\/582470\/revisions"}],"wp:featuredmedia":[{"embeddable":true,"href":"https:\/\/www.europesays.com\/it\/wp-json\/wp\/v2\/media\/582471"}],"wp:attachment":[{"href":"https:\/\/www.europesays.com\/it\/wp-json\/wp\/v2\/media?parent=582470"}],"wp:term":[{"taxonomy":"category","embeddable":true,"href":"https:\/\/www.europesays.com\/it\/wp-json\/wp\/v2\/categories?post=582470"},{"taxonomy":"post_tag","embeddable":true,"href":"https:\/\/www.europesays.com\/it\/wp-json\/wp\/v2\/tags?post=582470"}],"curies":[{"name":"wp","href":"https:\/\/api.w.org\/{rel}","templated":true}]}}