{"id":582500,"date":"2026-07-13T09:11:14","date_gmt":"2026-07-13T09:11:14","guid":{"rendered":"https:\/\/www.europesays.com\/it\/582500\/"},"modified":"2026-07-13T09:11:14","modified_gmt":"2026-07-13T09:11:14","slug":"inter-inizia-la-stagione-novita-provedel-pavard-quasi-separato-in-casa","status":"publish","type":"post","link":"https:\/\/www.europesays.com\/it\/582500\/","title":{"rendered":"Inter, inizia la stagione: novit\u00e0 Provedel. Pavard quasi separato in casa"},"content":{"rendered":"<p>                                Inizia la stagione dopo il tricolore. Mancano soltanto i nazionali. Il francese quasi separato in casa<\/p>\n<p class=\"paragraph\" spellcheck=\"true\">Il secondo primo giorno di scuola di Christian <b>Chivu<\/b> inizia oggi alle 10 in punto ad Appiano, con uno scudetto cucito su ogni maglia e un maxi cartellone all\u2019ingresso per dare il bentornato ai campioni. \u00c8 il giorno dei primi test fisici e di una doppia seduta per una larga fetta del gruppo stagione 2026-27: sar\u00e0 ancora met\u00e0 luglio, ma gran parte dell\u2019<b>Inter<\/b> \u00e8 costretta a tornare gi\u00e0 adesso alle sudate carte. Nel dettaglio, mancano solo i sei che hanno faticato (o faticano ancora) nel Mondiale americano: oltre a Lautaro e Thuram, arrivati entrambi in semifinale col sogno di vincere la coppa, Calhanoglu, Sucic, Akanji e Bonny &#8211; tutti eliminati negli Usa &#8211; arriveranno dopo le classiche tre settimane di ferie e raggiungeranno i compagni soltanto in occasione della tourn\u00e9e tra Hong Kong e Australia. Oggi, a met\u00e0 giornata in mezzo alle due sedute, l\u2019allenatore e il presidente Beppe Marotta pronunceranno le prime parole ufficiali sulla stagione nascente, quella in cui andr\u00e0 difeso il tricolore e fatto decisamente salire il livello in Champions. Sul breve periodo, invece, l\u2019intendimento del tecnico romeno \u00e8 di far sudare i suoi sia di mattina che di pomeriggio fino a gioved\u00ec, il giorno della partenza per il ritiro di Donaueschingen, nel Baden-W\u00fcrttemberg, dove la squadra godr\u00e0 del fresco fino al 26 luglio.\u00a0<\/p>\n<p>    Si riparte\u2014 \u00a0<\/p>\n<p class=\"paragraph is-inline\" spellcheck=\"true\">Gli occhi, inevitabilmente, saranno puntati sulla nutrita truppa azzurra senza Mondiale: da Bastoni a Barella, passando per Pio e Dimarco, tutti avrebbero voluto passare un\u2019estate americana e, invece, si trovano a guardare la ThuLa dalla tv una volta ancora. Assieme a loro, ad aumentare la quota patriottica, \u00e8 arrivato pure Ivan Provedel, portiere appena prelevato dalla Lazio con il compito di scortare da secondo la prima annata da titolare di Josep Martinez. Al momento, Provedel sarebbe l\u2019unico vero acquisto della stagione, visto che il francese Massolin era stato arruolato gi\u00e0 mesi fa e Aleksandar Stankovic non pu\u00f2 essere considerato una new entry, visto che \u00e8 stato svezzato tra Interello ed Appiano. Entrambi i due centrocampisti verranno valutati in ritiro, ma l\u2019ormai ex Modena dovrebbe essere piazzato sul mercato, mentre il figlio di Deki gode gi\u00e0 della totale fiducia di Chivu, che intende misurare la crescita del talento di casa durante l\u2019anno. Ritagliarsi uno spazio stabile nelle rotazioni del centrocampo sar\u00e0 la sfida del 20enne serbo, mentre per altri compagni il cielo di Appiano \u00e8 molto pi\u00f9 fosco. Ad esempio, dopo un anno al Marsiglia Benjamin <b>Pavard<\/b> \u00e8 tornato a casa base con l\u2019animo di chi sa di essere soltanto di passaggio: un tempo era in amore con la piazza e si faceva semplicemente chiamare &#8220;Benji l\u2019interista&#8221;, mentre oggi aspetta solo una chiamata dal campionato turco. Anche l\u2019albanese Asllani \u00e8 fuori dal progetto e in cerca di definitiva sistemazione, ma sar\u00e0 ancora pi\u00f9 strano il ritorno alla normalit\u00e0 del campo per Davide Frattesi: la mezzala con la valigia da anni pensava che avrebbe salutato ben prima del ritiro, ma al momento non \u00e8 stata trovata una destinazione definitiva.<\/p>\n","protected":false},"excerpt":{"rendered":"Inizia la stagione dopo il tricolore. Mancano soltanto i nazionali. Il francese quasi separato in casa Il secondo&hellip;\n","protected":false},"author":3,"featured_media":582501,"comment_status":"","ping_status":"","sticky":false,"template":"","format":"standard","meta":{"footnotes":"","_share_on_mastodon":"0"},"categories":[1452],"tags":[2842,300967,321004,55649,116075,321005,24444,321006,321007,81529,81530,321008,1960,26045,321009,7193,721,2839,4021,7406,1740,3368,8956,350,1537,90,89,426,57,3334,1353,17298,21454,1738,1739,245,244,577,20756],"class_list":["post-582500","post","type-post","status-publish","format-standard","has-post-thumbnail","category-calcio","tag-acquisto","tag-acquisto-stagione","tag-acquisto-stagione-francese","tag-akanji","tag-akanji-bonny","tag-akanji-bonny-eliminati","tag-albanese","tag-albanese-asllani","tag-albanese-asllani-progetto","tag-aleksandar","tag-aleksandar-stankovic","tag-aleksandar-stankovic-considerato","tag-allenatore","tag-allenatore-presidente","tag-allenatore-presidente-beppe","tag-appiano","tag-calcio","tag-chivu","tag-compagni","tag-definitiva","tag-football","tag-francese","tag-inizia","tag-inter","tag-it","tag-italia","tag-italy","tag-luglio","tag-mancano","tag-meta","tag-mondiale","tag-pavard","tag-provedel","tag-ritiro","tag-soccer","tag-sport","tag-sports","tag-stagione","tag-tricolore"],"share_on_mastodon":{"url":"","error":"Validation failed: Text character limit of 500 exceeded"},"_links":{"self":[{"href":"https:\/\/www.europesays.com\/it\/wp-json\/wp\/v2\/posts\/582500","targetHints":{"allow":["GET"]}}],"collection":[{"href":"https:\/\/www.europesays.com\/it\/wp-json\/wp\/v2\/posts"}],"about":[{"href":"https:\/\/www.europesays.com\/it\/wp-json\/wp\/v2\/types\/post"}],"author":[{"embeddable":true,"href":"https:\/\/www.europesays.com\/it\/wp-json\/wp\/v2\/users\/3"}],"replies":[{"embeddable":true,"href":"https:\/\/www.europesays.com\/it\/wp-json\/wp\/v2\/comments?post=582500"}],"version-history":[{"count":0,"href":"https:\/\/www.europesays.com\/it\/wp-json\/wp\/v2\/posts\/582500\/revisions"}],"wp:featuredmedia":[{"embeddable":true,"href":"https:\/\/www.europesays.com\/it\/wp-json\/wp\/v2\/media\/582501"}],"wp:attachment":[{"href":"https:\/\/www.europesays.com\/it\/wp-json\/wp\/v2\/media?parent=582500"}],"wp:term":[{"taxonomy":"category","embeddable":true,"href":"https:\/\/www.europesays.com\/it\/wp-json\/wp\/v2\/categories?post=582500"},{"taxonomy":"post_tag","embeddable":true,"href":"https:\/\/www.europesays.com\/it\/wp-json\/wp\/v2\/tags?post=582500"}],"curies":[{"name":"wp","href":"https:\/\/api.w.org\/{rel}","templated":true}]}}