{"id":582551,"date":"2026-07-13T09:51:13","date_gmt":"2026-07-13T09:51:13","guid":{"rendered":"https:\/\/www.europesays.com\/it\/582551\/"},"modified":"2026-07-13T09:51:13","modified_gmt":"2026-07-13T09:51:13","slug":"guerra-ucraina-vertice-volenterosi-con-zelensky-a-parigi","status":"publish","type":"post","link":"https:\/\/www.europesays.com\/it\/582551\/","title":{"rendered":"Guerra Ucraina, vertice volenterosi con Zelensky a Parigi"},"content":{"rendered":"<p>A Parigi oggi \u00e8 il giorno del vertice della <a data-intcmp=\"skytg24_foglia articolo_interlink_text\" href=\"https:\/\/tg24.sky.it\/mondo\/2026\/01\/07\/guerra-russia-ucraina-volenterosi\" rel=\"nofollow noopener\" target=\"_blank\">Coalizione dei\u00a0Volenterosi\u00a0<\/a>in sostegno a Kiev, con\u00a0almeno 25 capi di Stato e di governo, tra cui anche il presidente ucraino Volodymyr\u00a0Zelensky. All&#8217;Hotel des Invalides per l&#8217;Italia c&#8217;\u00e8 il vicepremier e ministro degli Esteri Antonio Tajani. Fonti dell&#8217;Eliseo riferiscono che i Volenterosi sono &#8220;pronti a fornire le garanzie di sicurezza&#8221; a Kiev, non appena scattato il cessate il fuoco. L&#8217;obiettivo \u00e8 spingere verso una tregua e una ripresa dei negoziati di pace.<\/p>\n<p>\t\t \tLe esercitazioni congiunte<\/p>\n<p>Pensata per essere dispiegata sul posto, una volta messe a tacere le armi, la Forza multinazionale per l&#8217;Ucraina a comando franco-britannico verr\u00e0 nel frattempo impegnata in una serie di esercitazioni congiunte per &#8220;mostrare alla Russia che l&#8217;insieme degli attori \u00e8 pronto ad impegnarsi&#8221;. Queste esercitazioni, con stato maggiore e quartier generale operativo alle porte di Parigi, si svolgeranno fuori dai confini ucraini fino a che &#8220;non ci saranno le condizioni per un reale dispiegamento&#8221; sul posto, precisano da Parigi.<\/p>\n<p>&#8220;Amplificare la convergenza&#8221;<\/p>\n<p>Secondo la presidenza francese, la riunione dei\u00a0Volenterosi\u00a0giunge in un &#8220;momento di forte convergenza e unit\u00e0&#8221; tra alleati transatlantici, dal <a data-intcmp=\"skytg24_foglia articolo_interlink_text\" href=\"https:\/\/tg24.sky.it\/mondo\/2026\/06\/17\/g7-evian-trump-meloni-news-diretta\" rel=\"nofollow noopener\" target=\"_blank\">G7 di Evian<\/a> al pi\u00f9 recente <a data-intcmp=\"skytg24_foglia articolo_interlink_text\" href=\"https:\/\/tg24.sky.it\/mondo\/2026\/07\/08\/vertice-nato-ankara-trump-meloni-diretta\" rel=\"nofollow noopener\" target=\"_blank\">vertice Nato di Ankara<\/a>, nonch\u00e9 in una fase di &#8220;dinamiche pi\u00f9 favorevoli&#8221; sul terreno. L&#8217;intento \u00e8 ora &#8220;amplificare questa convergenza&#8221; per sostenere l&#8217;Ucraina dinanzi all&#8217;aggressore russo, insistono a Parigi, evocando la necessit\u00e0 di &#8220;progredire&#8221;, tra l&#8217;altro, in materia di &#8220;cooperazione anti-balistica e difesa aerea&#8221; e &#8220;continuare ad esercitare pressioni sulla Russia&#8221;. Tra i punti evocati a Parigi, il nuovo pacchetto di sanzioni Ue alla Russia e il rafforzamento del contrasto alla cosiddetta &#8220;flotta fantasma&#8221;.<\/p>\n<p>La coalizione dei Volenterosi attiva dal 2024<\/p>\n<p>Alla coalizione dei\u00a0volenterosi\u00a0aderiscono ora 37 Stati. La prima riunione si era tenuta il 26 febbraio 2024. Da allora sono stati oltre una quindicina gli incontri in questo formato, tra riunioni in presenza, ibride, o in videoconferenza.\u00a0Il vertice di oggi precede di un giorno la tradizionale parata militare sugli Champs-Elys\u00e9es per la Festa Nazionale francese francese del 14 luglio, anch&#8217;essa incentrata quest&#8217;anno sulla difesa dell&#8217;Ucraina ed il &#8220;risveglio strategico europeo&#8221;. Domani \u00e8 atteso in tribuna anche il presidente della Repubblica Sergio Mattarella, insieme ad una trentina di capi di Stato e di governo tra cui il tedesco Friederich Merz o lo spagnolo Pedro Sanchez.<\/p>\n<p>\t\t\t<a class=\"c-inline-card j-inline-card c-inline-card--with-image\" href=\"https:\/\/tg24.sky.it\/mondo\/video\/2026\/07\/11\/guerra-ucraina-russia-nato-propaganda-estonia-lettonia-1110798\" rel=\"follow nofollow noopener\" data-intcmp=\"skytg24_articolo_approfondimenti_inline\" target=\"_blank\"><\/p>\n<p>\t\t\t         <img decoding=\"async\" crossorigin=\"anonymous\" alt=\"\" src=\"https:\/\/www.europesays.com\/it\/wp-content\/uploads\/2026\/07\/1110798_1783712955349_thumb_494_1783713106962.jpg\"  loading=\"lazy\"  bad-src=\"https:\/\/www.europesays.com\/it\/wp-content\/uploads\/2026\/07\/1110798_1783712955349_thumb_494_1783713106962.jpg\"\/><\/p>\n<p>\n\t\t\t         Approfondimento<br \/>\n\t\t\t         La propaganda pro Russia e pro Nato in Estonia e Lettonia\n\t\t\t      <\/p>\n<p>\t\t\t<\/a><\/p>\n","protected":false},"excerpt":{"rendered":"A Parigi oggi \u00e8 il giorno del vertice della Coalizione dei\u00a0Volenterosi\u00a0in sostegno a Kiev, con\u00a0almeno 25 capi di&hellip;\n","protected":false},"author":3,"featured_media":582552,"comment_status":"","ping_status":"","sticky":false,"template":"","format":"standard","meta":{"footnotes":"","_share_on_mastodon":"0"},"categories":[160],"tags":[14,164,165,369,12658,77,166,7,15,1289,170,11,167,12,168,4528,161,162,163],"class_list":["post-582551","post","type-post","status-publish","format-standard","has-post-thumbnail","category-mondo","tag-cronaca","tag-dal-mondo","tag-dalmondo","tag-digitall","tag-emmanuel-macron","tag-guerra","tag-mondo","tag-news","tag-notizie","tag-parigi","tag-ucraina","tag-ultime-notizie","tag-ultime-notizie-di-mondo","tag-ultimenotizie","tag-ultimenotiziedimondo","tag-volodymyr-zelensky","tag-world","tag-world-news","tag-worldnews"],"share_on_mastodon":{"url":"https:\/\/pubeurope.com\/@it\/116912055206111926","error":""},"_links":{"self":[{"href":"https:\/\/www.europesays.com\/it\/wp-json\/wp\/v2\/posts\/582551","targetHints":{"allow":["GET"]}}],"collection":[{"href":"https:\/\/www.europesays.com\/it\/wp-json\/wp\/v2\/posts"}],"about":[{"href":"https:\/\/www.europesays.com\/it\/wp-json\/wp\/v2\/types\/post"}],"author":[{"embeddable":true,"href":"https:\/\/www.europesays.com\/it\/wp-json\/wp\/v2\/users\/3"}],"replies":[{"embeddable":true,"href":"https:\/\/www.europesays.com\/it\/wp-json\/wp\/v2\/comments?post=582551"}],"version-history":[{"count":0,"href":"https:\/\/www.europesays.com\/it\/wp-json\/wp\/v2\/posts\/582551\/revisions"}],"wp:featuredmedia":[{"embeddable":true,"href":"https:\/\/www.europesays.com\/it\/wp-json\/wp\/v2\/media\/582552"}],"wp:attachment":[{"href":"https:\/\/www.europesays.com\/it\/wp-json\/wp\/v2\/media?parent=582551"}],"wp:term":[{"taxonomy":"category","embeddable":true,"href":"https:\/\/www.europesays.com\/it\/wp-json\/wp\/v2\/categories?post=582551"},{"taxonomy":"post_tag","embeddable":true,"href":"https:\/\/www.europesays.com\/it\/wp-json\/wp\/v2\/tags?post=582551"}],"curies":[{"name":"wp","href":"https:\/\/api.w.org\/{rel}","templated":true}]}}