{"id":582698,"date":"2026-07-13T11:59:17","date_gmt":"2026-07-13T11:59:17","guid":{"rendered":"https:\/\/www.europesays.com\/it\/582698\/"},"modified":"2026-07-13T11:59:17","modified_gmt":"2026-07-13T11:59:17","slug":"sfera-ebbasta-annunciato-un-tour-nei-palazzetti-nel-2027-i-sky-tg24","status":"publish","type":"post","link":"https:\/\/www.europesays.com\/it\/582698\/","title":{"rendered":"Sfera Ebbasta, annunciato un tour nei palazzetti nel 2027 I Sky TG24"},"content":{"rendered":"<p>Dopo la fine della tourn\u00e9e negli stadi e l\u2019avvio del tour estivo, <strong>Sfera<\/strong> <strong>Ebbasta<\/strong> ha annunciato nuovi appuntamenti live per il 2027. Il prossimo anno il trapper sar\u00e0 protagonista di quattro concerti a Torino, Roma, Milano e Bologna. Grande attesa per il nuovo album in uscita prossimamente.<\/p>\n<p>\t\t \tsfera ebbasta, tutte le date del tour 2027<\/p>\n<p>Mercoled\u00ec 8 e gioved\u00ec 9 luglio la voce di Giovani re \u00e8 stata protagonista di due grandi show allo stadio San Siro del capoluogo lombardo. Dopo i concerti, <a data-intcmp=\"skytg24_foglia articolo_interlink_text\" href=\"https:\/\/tg24.sky.it\/spettacolo\/musica\/2026\/07\/09\/sfera-ebbasta-concerto-milano-san-siro\" rel=\"nofollow noopener\" target=\"_blank\">il trapper<\/a> ha scritto sul suo profilo Instagram da oltre cinque milioni di follower: \u201cGrazie Milano, grazie a chi mi supporta, grazie alla mia famiglia, grazie al mio team. Mi sdebiter\u00f2\u201d. Ora, l\u2019artista ha annunciato quattro appuntamenti nei palazzetti nel 2027. Sfera Ebbasta sar\u00e0 in concerto nelle citt\u00e0 di <strong>Torino<\/strong>, <strong>Roma<\/strong>, <strong>Milano<\/strong> e infine <strong>Bologna<\/strong>. Biglietti in vendita a partire dalle ore 14.00 di luned\u00ec 13 luglio. Ecco il calendario completo con tutti i dettagli degli spettacoli:<\/p>\n<ul>\n<li>30 gennaio 2027, Torino &#8211; Inalpi Arena<\/li>\n<li>3 febbraio 2027, Roma &#8211; Palazzo dello Sport<\/li>\n<li>6 febbraio 2027, Milano &#8211; Unipol Dome<\/li>\n<li>13 febbraio 2027, Bologna &#8211; Unipol Arena<\/li>\n<\/ul>\n<p>\t\t\t<a class=\"c-inline-card j-inline-card c-inline-card--with-image\" href=\"https:\/\/tg24.sky.it\/spettacolo\/musica\/2026\/07\/09\/sfera-ebbasta-concerto-milano-san-siro\" rel=\"follow nofollow noopener\" data-intcmp=\"skytg24_articolo_approfondimenti_inline\" target=\"_blank\"><\/p>\n<p>\t\t\t         <img decoding=\"async\" crossorigin=\"anonymous\" alt=\"\" src=\"https:\/\/www.europesays.com\/it\/wp-content\/uploads\/2026\/07\/1783943956_598_crediti-foto-nino-saetti.jpg\"  loading=\"lazy\"  bad-src=\"https:\/\/www.europesays.com\/it\/wp-content\/uploads\/2026\/07\/1783943956_598_crediti-foto-nino-saetti.jpg\"\/><\/p>\n<p>\n\t\t\t         Approfondimento<br \/>\n\t\t\t         Sfera Ebbasta celebra 10 anni di carriera a San Siro. Annunciato album\n\t\t\t      <\/p>\n<p>\t\t\t<\/a><\/p>\n<p>Nelle prossime settimane Sfera Ebbasta (<strong><a data-intcmp=\"skytg24_foglia articolo_interlink_text\" href=\"https:\/\/tg24.sky.it\/spettacolo\/musica\/2023\/11\/24\/x2vr-sfera-spotify\" rel=\"nofollow noopener\" target=\"_blank\">FOTO<\/a><\/strong>) proseguir\u00e0 la tourn\u00e9e estiva esibendosi a <strong>Villorba<\/strong>, <strong>Salerno<\/strong>, <strong>Palermo<\/strong> e infine <strong>Gallipoli<\/strong>. Queste tutte le date del tour:<\/p>\n<ul>\n<li>16 luglio, Villorba (TV) &#8211; Arena della Marca<\/li>\n<li>25 luglio, Salerno &#8211; SalernoSounds<\/li>\n<li>1\u00b0 agosto, Palermo &#8211; Velodromo Borsellino<\/li>\n<li>14 agosto, Gallipoli (LE) &#8211; Oversound Music Festival<\/li>\n<\/ul>\n<p>Durante il primo concerto allo stadio San Siro di Milano, il trapper ha annunciato l\u2019arrivo di un progetto discografico. Massimo riserbo sulla data di distribuzione. Nel corso degli anni l\u2019artista ha conquistato le classifiche, tra i suoi album pi\u00f9 amati troviamo Rockstar. Per quanto riguarda i singoli, citiamo Tran Tran, Ricchi x sempre, Happy Birthday e Bottiglie priv\u00e8. Spazio anche alle collaborazioni: da\u00a0Mi fai impazzire con Blanco (<strong><a data-intcmp=\"skytg24_foglia articolo_interlink_text\" href=\"https:\/\/tg24.sky.it\/spettacolo\/musica\/2023\/02\/08\/blanco-rose-sanremo-2023\" rel=\"nofollow noopener\" target=\"_blank\">FOTO<\/a><\/strong>) a\u00a0Cupido con Quavo passando per\u00a0Cabriolet con Salmo e Baby con J Balvin.<\/p>\n<p>\t\t\t<a class=\"c-inline-card j-inline-card c-inline-card--with-image\" href=\"https:\/\/tg24.sky.it\/spettacolo\/musica\/2026\/07\/10\/tormentoni-estate-2026\" rel=\"follow nofollow noopener\" data-intcmp=\"skytg24_articolo_approfondimenti_inline\" target=\"_blank\"><\/p>\n<p>\t\t\t         <img decoding=\"async\" crossorigin=\"anonymous\" alt=\"\" src=\"https:\/\/www.europesays.com\/it\/wp-content\/uploads\/2026\/07\/1783943957_932_tormentoni-estivi-2026-ipa.jpg\"  loading=\"lazy\"  bad-src=\"https:\/\/www.europesays.com\/it\/wp-content\/uploads\/2026\/07\/1783943957_932_tormentoni-estivi-2026-ipa.jpg\"\/><\/p>\n<p>\n\t\t\t         Approfondimento<br \/>\n\t\t\t         I tormentoni dell&#8217;estate (fino al momento), da Irama a Zara Larsson\n\t\t\t      <\/p>\n<p>\t\t\t<\/a><\/p>\n","protected":false},"excerpt":{"rendered":"Dopo la fine della tourn\u00e9e negli stadi e l\u2019avvio del tour estivo, Sfera Ebbasta ha annunciato nuovi appuntamenti&hellip;\n","protected":false},"author":3,"featured_media":582699,"comment_status":"","ping_status":"","sticky":false,"template":"","format":"standard","meta":{"footnotes":"","_share_on_mastodon":"0"},"categories":[1443],"tags":[2943,203,204,1537,90,89,1538,1539,7601],"class_list":["post-582698","post","type-post","status-publish","format-standard","has-post-thumbnail","category-musica","tag-concerti","tag-entertainment","tag-intrattenimento","tag-it","tag-italia","tag-italy","tag-music","tag-musica","tag-sfera-ebbasta"],"share_on_mastodon":{"url":"https:\/\/pubeurope.com\/@it\/116912558992669312","error":""},"_links":{"self":[{"href":"https:\/\/www.europesays.com\/it\/wp-json\/wp\/v2\/posts\/582698","targetHints":{"allow":["GET"]}}],"collection":[{"href":"https:\/\/www.europesays.com\/it\/wp-json\/wp\/v2\/posts"}],"about":[{"href":"https:\/\/www.europesays.com\/it\/wp-json\/wp\/v2\/types\/post"}],"author":[{"embeddable":true,"href":"https:\/\/www.europesays.com\/it\/wp-json\/wp\/v2\/users\/3"}],"replies":[{"embeddable":true,"href":"https:\/\/www.europesays.com\/it\/wp-json\/wp\/v2\/comments?post=582698"}],"version-history":[{"count":0,"href":"https:\/\/www.europesays.com\/it\/wp-json\/wp\/v2\/posts\/582698\/revisions"}],"wp:featuredmedia":[{"embeddable":true,"href":"https:\/\/www.europesays.com\/it\/wp-json\/wp\/v2\/media\/582699"}],"wp:attachment":[{"href":"https:\/\/www.europesays.com\/it\/wp-json\/wp\/v2\/media?parent=582698"}],"wp:term":[{"taxonomy":"category","embeddable":true,"href":"https:\/\/www.europesays.com\/it\/wp-json\/wp\/v2\/categories?post=582698"},{"taxonomy":"post_tag","embeddable":true,"href":"https:\/\/www.europesays.com\/it\/wp-json\/wp\/v2\/tags?post=582698"}],"curies":[{"name":"wp","href":"https:\/\/api.w.org\/{rel}","templated":true}]}}