{"id":582750,"date":"2026-07-13T12:43:15","date_gmt":"2026-07-13T12:43:15","guid":{"rendered":"https:\/\/www.europesays.com\/it\/582750\/"},"modified":"2026-07-13T12:43:15","modified_gmt":"2026-07-13T12:43:15","slug":"alex-de-minaur-e-katie-boulter-sposi-il-giorno-della-finale-di-wimbledon","status":"publish","type":"post","link":"https:\/\/www.europesays.com\/it\/582750\/","title":{"rendered":"Alex de Minaur e Katie Boulter sposi il giorno della finale di Wimbledon"},"content":{"rendered":"<p>                                Il tennista australiano ha sposato la collega Katie Boulter domenica 12 luglio, proprio l&#8217;ultimo giorno del torneo<\/p>\n<p>                    13 luglio &#8211; 13:33  &#8211; MILANO<\/p>\n<p class=\"paragraph\" spellcheck=\"true\"><b>Alex de Minaur e Katie Boulter <\/b>si sono sposati in gran segreto, nella giornata di ieri, domenica 12 luglio 2026. Curiosamente, una delle coppie pi\u00f9 in vista del mondo del tennis ha quindi scelto il<b><a href=\"https:\/\/www.gazzetta.it\/Tennis\/atp\/slam\/wimbledon\/13-07-2026\/sinner-piu-forte-di-prima-dopo-la-vittoria-a-wimbledon-ma-ora-va-gestito.shtml?intcmp=hyperlink-articolo-gazit\" rel=\"nofollow noopener\" target=\"_blank\"> giorno della finale maschile di Wimbledon<\/a><\/b>, uno dei tornei pi\u00f9 importanti di tutto il circuito. Mentre tutti i tennisti avevano cerchiato di rosso quella giornata, sognando di calcare il campo del centrale, Alex e Katie magari avevano disegnato un cuore in quella giornata. Evidentemente il buon De Minaur sapeva gi\u00e0 di non avere il livello per arrivare fino a quel punto del torneo.<\/p>\n<p>        de minaur e Boulter sposi\u2014 \u00a0<\/p>\n<p class=\"paragraph\" spellcheck=\"true\">Entrambi hanno preso parte alle <b>fasi iniziali del torneo di Londra e sono stati eliminati da un italiano<\/b>. Infatti l&#8217;australiano de Minaur \u00e8 stato sconfitto da Flavio Cobolli agli ottavi e subito dopo la partita non ha nascosto la propria delusione dichiarando che si sarebbe preso una pausa dai tornei: &#8220;Quando continui a fermarti sempre a un passo dal traguardo inizia a dubitare di te stesso&#8221;. Ma chiss\u00e0 se la sua mente gi\u00e0 era al momento delle nozze con la compagna <b>Katie Boulter<\/b>, uscita addirittura al primo turno contro l&#8217;italiana<b> Tyra Grant<\/b>.\u00a0<\/p>\n<p>        matrimonio segreto\u2014 \u00a0<\/p>\n<p class=\"paragraph\" spellcheck=\"true\">Le nozze di <b>Alex de Minaur e Katie Boulter <\/b>si sono svolte nella contea inglese di Leicestershire, vicino alla cittadina in cui \u00e8 cresciuta la tennista inglese. Alla cerimonia erano presenti soltanto i parenti e gli amici pi\u00f9 stretti, con la coppia che ha cercato di mantenere tutto il pi\u00f9 segreto possibile, evitando cos\u00ec le folle di curiosi e l&#8217;assalto dei paparazzi in cerca dello scatto migliore di due campioni del tennis. Chiss\u00e0 che la decisione di sposarsi il <b>giorno della finale di Wimbledon<\/b> non sia stato un modo per evitare di dover fare una cerimonia pi\u00f9 in grande, magari invitando anche i colleghi dei circuiti ATP e WTA, attirando pi\u00f9 attenzioni anche nel mondo dei media. Invece, secondo quello che riporta il Daily Mail, nemmeno nella contea dove si \u00e8 svolta la cerimonia, in molti sapevano di chi fosse quel matrimonio che si \u00e8 celebrato domenica e soltanto all&#8217;ultimo qualche curioso si \u00e8 affacciato sul sagrato della chiesa riuscendo a dare un&#8217;occhiata ai due sposi vip.\u00a0<\/p>\n<p><a class=\"is-partner-link\" href=\"https:\/\/abbonamenti.gazzetta.it\/de-promo-mondiali\/?pwcmp=cta&amp;forceBrowser=true\" rel=\"nofollow noopener\" target=\"_blank\">Gazzetta Mondiale: ogni notte un\u2019edizione straordinaria esclusiva. Non perdertela, abbonati a 1\u20ac\/mese!<\/a><\/p>\n<p class=\"paragraph\" spellcheck=\"true\">Nessuno per\u00f2 era autorizzato a fare delle foto, la coppia ci ha tenuto che la cerimonia fosse semplice, con pochi invitati e molto personale, un evento per celebrare il loro amore e non per gli occhi dei curiosi. <b>Katie Boulter<\/b> aveva un lungo abito bianco candido delicatamente aperto sul petto e senza maniche, <b>Alex de Minaur <\/b>era elegantissimo con un vestito molto classico con papillon. La riservatezza \u00e8 sempre stata la cifra caratteristica della loro unione, soltanto a<b><a href=\"\"> dicembre del 2024 <\/a><\/b>avevano rivelato al mondo il loro fidanzamento con un selfie, accompagnato dalla didascalia &#8220;abbiamo tenuto nascosto un piccolo segreto&#8221;.<\/p>\n<p class=\"is-above-copyright is-mr-r-10\" spellcheck=\"true\">La Gazzetta dello Sport<\/p>\n<p class=\"is-copyright\">\u00a9 RIPRODUZIONE RISERVATA<\/p>\n","protected":false},"excerpt":{"rendered":"Il tennista australiano ha sposato la collega Katie Boulter domenica 12 luglio, proprio l&#8217;ultimo giorno del torneo 13&hellip;\n","protected":false},"author":3,"featured_media":582751,"comment_status":"","ping_status":"","sticky":false,"template":"","format":"standard","meta":{"footnotes":"","_share_on_mastodon":"0"},"categories":[1457],"tags":[3658,42646,12705,7376,62542,818,5369,7083,2235,99217,277,42639,321175,1112,6240,1426,63593,5183,1570,1537,90,89,19926,81231,426,42642,6861,245,244,1273,6663,1274],"class_list":["post-582750","post","type-post","status-publish","format-standard","has-post-thumbnail","category-tennis","tag-alex","tag-alex-de","tag-alex-de-minaur","tag-australiano","tag-boulter","tag-cerimonia","tag-chissa","tag-contea","tag-coppia","tag-curiosi","tag-de","tag-de-minaur","tag-de-minaur-katie","tag-domenica","tag-domenica-luglio","tag-finale","tag-finale-wimbledon","tag-giornata","tag-inglese","tag-it","tag-italia","tag-italy","tag-katie","tag-katie-boulter","tag-luglio","tag-minaur","tag-segreto","tag-sport","tag-sports","tag-tennis","tag-torneo","tag-wimbledon"],"share_on_mastodon":{"url":"https:\/\/pubeurope.com\/@it\/116912731628090445","error":""},"_links":{"self":[{"href":"https:\/\/www.europesays.com\/it\/wp-json\/wp\/v2\/posts\/582750","targetHints":{"allow":["GET"]}}],"collection":[{"href":"https:\/\/www.europesays.com\/it\/wp-json\/wp\/v2\/posts"}],"about":[{"href":"https:\/\/www.europesays.com\/it\/wp-json\/wp\/v2\/types\/post"}],"author":[{"embeddable":true,"href":"https:\/\/www.europesays.com\/it\/wp-json\/wp\/v2\/users\/3"}],"replies":[{"embeddable":true,"href":"https:\/\/www.europesays.com\/it\/wp-json\/wp\/v2\/comments?post=582750"}],"version-history":[{"count":0,"href":"https:\/\/www.europesays.com\/it\/wp-json\/wp\/v2\/posts\/582750\/revisions"}],"wp:featuredmedia":[{"embeddable":true,"href":"https:\/\/www.europesays.com\/it\/wp-json\/wp\/v2\/media\/582751"}],"wp:attachment":[{"href":"https:\/\/www.europesays.com\/it\/wp-json\/wp\/v2\/media?parent=582750"}],"wp:term":[{"taxonomy":"category","embeddable":true,"href":"https:\/\/www.europesays.com\/it\/wp-json\/wp\/v2\/categories?post=582750"},{"taxonomy":"post_tag","embeddable":true,"href":"https:\/\/www.europesays.com\/it\/wp-json\/wp\/v2\/tags?post=582750"}],"curies":[{"name":"wp","href":"https:\/\/api.w.org\/{rel}","templated":true}]}}