{"id":582756,"date":"2026-07-13T12:48:19","date_gmt":"2026-07-13T12:48:19","guid":{"rendered":"https:\/\/www.europesays.com\/it\/582756\/"},"modified":"2026-07-13T12:48:19","modified_gmt":"2026-07-13T12:48:19","slug":"juve-raduno-alla-continassa-pochi-tifosi-entusiasmo-ai-minimi","status":"publish","type":"post","link":"https:\/\/www.europesays.com\/it\/582756\/","title":{"rendered":"Juve, raduno alla Continassa: pochi tifosi, entusiasmo ai minimi"},"content":{"rendered":"<p>                                Spalletti ha ritrovato in mattinata un gruppo con 22 giocatori e alcuni giovani aggregati, ma ad attenderli fuori dai cancelli della Continassa non c&#8217;erano pi\u00f9 di cinquanta tifosi<\/p>\n<p>            <a class=\"image is-50x50\" href=\"https:\/\/www.gazzetta.it\/redazione\/filippo-cornacchia\/\" rel=\"nofollow noopener\" target=\"_blank\"><br \/>\n                <img decoding=\"async\" class=\"is-rounded\" src=\"https:\/\/www.europesays.com\/it\/wp-content\/uploads\/2026\/04\/filippo-cornacchia_avatar.png\" alt=\"Filippo Cornacchia\"\/><br \/>\n            <\/a><\/p>\n<p>Giornalista<\/p>\n<p>                    13 luglio &#8211; 13:27  &#8211; TORINO<\/p>\n<p class=\"paragraph\" spellcheck=\"true\">No acquisti, no party. I colpi sono ancora un progetto, i giocatori pi\u00f9 importanti (a partire dalla stellina Yildiz) in vacanza. Un po&#8217; il mercato che non decolla, un po&#8217; il Mondiale e un po&#8217; la bruciatura dell\u2019esclusione dalla Champions League ancora fresca. Il risultato \u00e8 fotografato dal raduno di questa mattina della Juventus, un primo giorno con non pi\u00f9 di cinquanta tifosi ad aspettare i bianconeri davanti al J Medical per le tradizionali visite mediche. I tempi delle grandi folle nel piazzale davanti alla clinica bianconera sembrano lontani e non sorprende pi\u00f9 di tanto: il numero dei tifosi presenti in questi anni \u00e8 sempre stato direttamente proporzionale alla grandezza degli acquisti: <a href=\"https:\/\/www.gazzetta.it\/Calcio\/Calciomercato\/Juventus\/12-07-2026\/juve-otto-anni-fa-arrivava-cr7-oggi-neanche-muharemovic-che-e-successo.shtml?intcmp=hyperlink-articolo-gazit\" title=\"Otto anni fa arrivava CR7, oggi non riesce a prendere nemmeno Kolo Muani: Juve che \u00e8 successo?\" rel=\"nofollow noopener\" target=\"_blank\">da Cristiano Ronaldo in gi\u00f9<\/a>. E in mattinata la Juventus, in attesa del ritorno di Kolo Muani dal Psg o dell&#8217;arrivo di Sorloth dall&#8217;Atletico Madrid, ha fatto sfilare soltanto un volto nuovo: <a href=\"https:\/\/www.gazzetta.it\/Calcio\/Serie-A\/Juventus\/01-07-2026\/juve-ekhator-ufficiale-quanto-e-costato-e-contratto.shtml?intcmp=hyperlink-articolo-gazit\" title=\"Juve, Ekhator \u00e8 ufficiale: al Genoa 16 milioni+2 di bonus, quinquennale al giocatore\" rel=\"nofollow noopener\" target=\"_blank\">l&#8217;attaccante azzurrino Jeff Ekhator<\/a>, ingaggiato dal Genoa a fine mese e sulla carta la terza punta della rosa di Luciano Spalletti. Il popolo bianconero, impaziente forse anche pi\u00f9 del tecnico toscano, attende il vero bomber per accendersi. A maggior ragione nella prima estate senza i gol di Dusan Vlahovic, fresco di svincolo, e con le rivali gi\u00e0 attrezzate o corse ai ripari tra giugno e inizio luglio: \u00e8 il caso del Milan che ha speso quasi 70 milioni per Gonzalo Ramos, sempre del Psg come Kolo Muani.<\/p>\n<p>    guarda chi si rivede\u2014 \u00a0<\/p>\n<p class=\"paragraph is-inline\" spellcheck=\"true\">Spalletti stamattina ha iniziato la nuova stagione con 22 uomini, un gruppo di ragazzi delle giovanili aggregati, il blocco azzurro, pochi titolari e molti giocatori sul mercato e con un piede fuori dalla Juventus. Arthur, rientrato dal prestito positivo al Gremio, per la quinta estate consecutiva inizia alla Continassa in attesa di una nuova destinazione: sar\u00e0 l&#8217;ultima volta, il contratto scade nel 2027. Discorso analogo per Daniele Rugani e Joao Mario, tornati a Torino dopo gli affitti brevi a Firenze e Bologna. Potrebbe essere diverso, invece, quello di Douglas Luiz. Un anno fa il brasiliano era in rotta col club, non si present\u00f2 al raduno e fu multato, stavolta <a href=\"https:\/\/www.gazzetta.it\/Calcio\/Serie-A\/Juventus\/04-07-2026\/juve-spalletti-vuole-rilanciare-douglas-luiz-ecco-come.shtml?intcmp=hyperlink-articolo-gazit\" title=\"Juve, Spalletti vuole rilanciare Douglas Luiz: cos\u00ec pu\u00f2 rivalutare il flop da 50 milioni\" rel=\"nofollow noopener\" target=\"_blank\">vuole convincere Spalletti a dargli una chance in regia<\/a> e a confermarlo nella Juventus dopo una prima annata flop (2024-25 con Thiago Motta e Tudor) e un 2025-26 trascorso in Inghilterra con un doppio prestito deludente: Nottingham Forest e Aston Villa, il club da cui la Juventus lo aveva acquistato per 50 milioni.<\/p>\n<p><a class=\"is-partner-link\" href=\"https:\/\/abbonamenti.gazzetta.it\/de-promo-mondiali\/?pwcmp=cta&amp;forceBrowser=true\" rel=\"nofollow noopener\" target=\"_blank\">Gazzetta Mondiale: ogni notte un\u2019edizione straordinaria esclusiva. Non perdertela, abbonati a 1\u20ac\/mese!<\/a><\/p>\n<p>    caso digre e cessioni\u2014 \u00a0<\/p>\n<p class=\"paragraph is-inline\" spellcheck=\"true\">Ai prestiti in bilico si aggiungono i partenti. Di Gregorio ieri sera \u00e8 stato il primo a presentarsi al J Hotel e probabilmente sar\u00e0 tra i primi anche a salutare. La sua porta \u00e8 gi\u00e0 stata virtualmente occupata: <a href=\"https:\/\/www.gazzetta.it\/calcio\/fantanews\/11-07-2026\/di-gregorio-juventus-il-portiere-torna-a-disposizione-ma-e-fuori-dal-progetto.shtml?intcmp=hyperlink-articolo-gazit\" title=\"Juve, grana Di Gregorio: il portiere torna, ma \u00e8 fuori dai piani bianconeri\" rel=\"nofollow noopener\" target=\"_blank\">il sogno resta il &#8220;Dibu&#8221; Martinez dell&#8217;Aston Villa<\/a>,  ma salgono le quotazioni di Guglielmo Vicario del Tottenham. In uscita anche Lois Openda e Arek Milik, gli attaccanti pi\u00f9 esperti del raduno bianconero, e Juan Cabal. In bilico Gatti, Kelly, Zhegrova e Khephren Thuram, che si allena alla Continassa da venerd\u00ec.<\/p>\n<p class=\"is-copyright\">\u00a9 RIPRODUZIONE RISERVATA<\/p>\n","protected":false},"excerpt":{"rendered":"Spalletti ha ritrovato in mattinata un gruppo con 22 giocatori e alcuni giovani aggregati, ma ad attenderli fuori&hellip;\n","protected":false},"author":3,"featured_media":582757,"comment_status":"","ping_status":"","sticky":false,"template":"","format":"standard","meta":{"footnotes":"","_share_on_mastodon":"0"},"categories":[1452],"tags":[45655,321180,321181,3470,321182,5881,208411,2941,12771,10575,8493,721,20386,321179,554,7521,1533,1740,3412,1302,1537,90,89,558,572,573,14973,1412,1353,576,273,6840,14393,2840,1739,24806,245,244,6035,2937],"class_list":["post-582756","post","type-post","status-publish","format-standard","has-post-thumbnail","category-calcio","tag-accendersi","tag-accendersi-ragione","tag-accendersi-ragione-estate","tag-acquistato","tag-acquistato-digre","tag-acquisti","tag-aggregati","tag-aston","tag-aston-villa","tag-bianconero","tag-bilico","tag-calcio","tag-cinquanta","tag-cinquanta-tifosi","tag-club","tag-continassa","tag-estate","tag-football","tag-giocatori","tag-inizio","tag-it","tag-italia","tag-italy","tag-juventus","tag-kolo","tag-kolo-muani","tag-mattinata","tag-mercato","tag-mondiale","tag-muani","tag-nuova","tag-prestito","tag-psg","tag-raduno","tag-soccer","tag-spalletti","tag-sport","tag-sports","tag-tifosi","tag-villa"],"share_on_mastodon":{"url":"https:\/\/pubeurope.com\/@it\/116912751774923859","error":""},"_links":{"self":[{"href":"https:\/\/www.europesays.com\/it\/wp-json\/wp\/v2\/posts\/582756","targetHints":{"allow":["GET"]}}],"collection":[{"href":"https:\/\/www.europesays.com\/it\/wp-json\/wp\/v2\/posts"}],"about":[{"href":"https:\/\/www.europesays.com\/it\/wp-json\/wp\/v2\/types\/post"}],"author":[{"embeddable":true,"href":"https:\/\/www.europesays.com\/it\/wp-json\/wp\/v2\/users\/3"}],"replies":[{"embeddable":true,"href":"https:\/\/www.europesays.com\/it\/wp-json\/wp\/v2\/comments?post=582756"}],"version-history":[{"count":0,"href":"https:\/\/www.europesays.com\/it\/wp-json\/wp\/v2\/posts\/582756\/revisions"}],"wp:featuredmedia":[{"embeddable":true,"href":"https:\/\/www.europesays.com\/it\/wp-json\/wp\/v2\/media\/582757"}],"wp:attachment":[{"href":"https:\/\/www.europesays.com\/it\/wp-json\/wp\/v2\/media?parent=582756"}],"wp:term":[{"taxonomy":"category","embeddable":true,"href":"https:\/\/www.europesays.com\/it\/wp-json\/wp\/v2\/categories?post=582756"},{"taxonomy":"post_tag","embeddable":true,"href":"https:\/\/www.europesays.com\/it\/wp-json\/wp\/v2\/tags?post=582756"}],"curies":[{"name":"wp","href":"https:\/\/api.w.org\/{rel}","templated":true}]}}