{"id":582790,"date":"2026-07-13T13:19:16","date_gmt":"2026-07-13T13:19:16","guid":{"rendered":"https:\/\/www.europesays.com\/it\/582790\/"},"modified":"2026-07-13T13:19:16","modified_gmt":"2026-07-13T13:19:16","slug":"affari-tuoi-si-ferma-per-lestate-de-martino-prepara-il-trasloco-a-milano-gennarino-va-in-pensione-e-il-cast-cambia-2","status":"publish","type":"post","link":"https:\/\/www.europesays.com\/it\/582790\/","title":{"rendered":"Affari Tuoi si ferma per l\u2019estate: De Martino prepara il trasloco a Milano, Gennarino va in pensione e il cast cambia"},"content":{"rendered":"<p>Ultima settimana in onda per <a href=\"https:\/\/www.ilmessaggero.it\/t\/affari-tuoi\" rel=\"nofollow noopener\" target=\"_blank\">Affari Tuoi<\/a> in questa stagione televisiva. Da oggi, <strong>luned\u00ec 13 luglio<\/strong>, il countdown verso le ferie per <a href=\"https:\/\/www.ilmessaggero.it\/t\/stefano-de-martino\" rel=\"nofollow noopener\" target=\"_blank\">Stefano De Martino<\/a>, <a href=\"https:\/\/www.ilmessaggero.it\/t\/herbert-ballerina\" rel=\"nofollow noopener\" target=\"_blank\">Herbert Ballerina<\/a> e <a href=\"https:\/\/www.ilmessaggero.it\/t\/martina-miliddi\" rel=\"nofollow noopener\" target=\"_blank\">Martina Miliddi<\/a> \u00e8 cominciato. Il conduttore, prossimo direttore artistico del <a href=\"https:\/\/www.ilmessaggero.it\/t\/festival-di-sanremo\" rel=\"nofollow noopener\" target=\"_blank\">Festival di Sanremo<\/a>, sta gi\u00e0 mettendo a punto la nuova stagione del game show di <a href=\"https:\/\/www.ilmessaggero.it\/t\/rai-1\" rel=\"nofollow noopener\" target=\"_blank\">Rai 1<\/a>, tra cambio di sede, addii quasi certi e possibili novit\u00e0 nel cast. Affari Tuoi \u00e8 destinato a diventare ancora di pi\u00f9 uno show, valorizzando il dna da intrattenitore che lo stesso <a class=\"link_item\" data-linked_from=\"null\" href=\"https:\/\/www.ilmessaggero.it\/schede\/pier_silvio_berlusconi_amadeus_de_martino_barbara_d_urso_cosa_ha_detto_palinsesti_mediaset-9641427.html\" rel=\"nofollow noopener\" target=\"_blank\"> Pier Silvio Berlusconi ha riconosciuto a Stefano De Martino<\/a>.<\/p>\n","protected":false},"excerpt":{"rendered":"Ultima settimana in onda per Affari Tuoi in questa stagione televisiva. Da oggi, luned\u00ec 13 luglio, il countdown&hellip;\n","protected":false},"author":3,"featured_media":582731,"comment_status":"","ping_status":"","sticky":false,"template":"","format":"standard","meta":{"footnotes":"","_share_on_mastodon":"0"},"categories":[1444],"tags":[33428,203,96181,91604,204,1537,90,89,70407,162813,2848,3501,1766,321157,253],"class_list":["post-582790","post","type-post","status-publish","format-standard","has-post-thumbnail","category-tv","tag-affari-tuoi","tag-entertainment","tag-gennarino","tag-herbert-ballerina","tag-intrattenimento","tag-it","tag-italia","tag-italy","tag-lupo","tag-martina-miliddi","tag-rai","tag-rai-1","tag-stefano-de-martino","tag-thanat","tag-tv"],"share_on_mastodon":{"url":"https:\/\/pubeurope.com\/@it\/116912873559121445","error":""},"_links":{"self":[{"href":"https:\/\/www.europesays.com\/it\/wp-json\/wp\/v2\/posts\/582790","targetHints":{"allow":["GET"]}}],"collection":[{"href":"https:\/\/www.europesays.com\/it\/wp-json\/wp\/v2\/posts"}],"about":[{"href":"https:\/\/www.europesays.com\/it\/wp-json\/wp\/v2\/types\/post"}],"author":[{"embeddable":true,"href":"https:\/\/www.europesays.com\/it\/wp-json\/wp\/v2\/users\/3"}],"replies":[{"embeddable":true,"href":"https:\/\/www.europesays.com\/it\/wp-json\/wp\/v2\/comments?post=582790"}],"version-history":[{"count":0,"href":"https:\/\/www.europesays.com\/it\/wp-json\/wp\/v2\/posts\/582790\/revisions"}],"wp:featuredmedia":[{"embeddable":true,"href":"https:\/\/www.europesays.com\/it\/wp-json\/wp\/v2\/media\/582731"}],"wp:attachment":[{"href":"https:\/\/www.europesays.com\/it\/wp-json\/wp\/v2\/media?parent=582790"}],"wp:term":[{"taxonomy":"category","embeddable":true,"href":"https:\/\/www.europesays.com\/it\/wp-json\/wp\/v2\/categories?post=582790"},{"taxonomy":"post_tag","embeddable":true,"href":"https:\/\/www.europesays.com\/it\/wp-json\/wp\/v2\/tags?post=582790"}],"curies":[{"name":"wp","href":"https:\/\/api.w.org\/{rel}","templated":true}]}}