{"id":582824,"date":"2026-07-13T13:47:24","date_gmt":"2026-07-13T13:47:24","guid":{"rendered":"https:\/\/www.europesays.com\/it\/582824\/"},"modified":"2026-07-13T13:47:24","modified_gmt":"2026-07-13T13:47:24","slug":"salmo-incanta-piazza-alfieri-due-ore-di-adrenalina-poesia-e-sorprese-foto-foto-1-di-13","status":"publish","type":"post","link":"https:\/\/www.europesays.com\/it\/582824\/","title":{"rendered":"Salmo incanta piazza Alfieri: due ore di adrenalina, poesia e sorprese (FOTO) &#8211; Foto 1 di 13"},"content":{"rendered":"<p>Due ore di adrenalina pura, nel segno di una straordinaria duttilit\u00e0 artistica. <strong>Salmo<\/strong> sa rappare, sa cantare, ha presenza scenica strabordante, in una sola parola \u00e8 artista a tuttodondo. Che ha incantato piazza Alfieri nella domenica di <strong>AstiMusica<\/strong>, con un ritmo incalzante al fianco de <strong>Le Carie<\/strong> in un\u00a0concerto che ha inebriato i fan pi\u00f9 assidui dell&#8217;artista isolano e al contempo sorpreso coloro i quali lo conoscevano meno.<\/p>\n<p><img loading=\"lazy\" decoding=\"async\" src=\"https:\/\/www.europesays.com\/it\/wp-content\/uploads\/2026\/07\/746420783_10243157240897051_3991058591850169678_n-1783932722928.jpg\" alt=\"\" width=\"1280\" height=\"1920\"\/><\/p>\n<p>Maurizio Pisciottu ha portato sul palco il suo lato pi\u00f9 fisico e rock, accompagnato da una band che ha messo in atto tonalit\u00e0 energetiche con chitarre, elettronica, rap, punk. Un favoloso caos controllato di un repertorio musicale che attraversa alcuni dei momenti pi\u00f9 rappresentativi della sua carriera.<\/p>\n<p>Si parte con &#8220;On Fire&#8221;, &#8220;Russel Crowe&#8221; e &#8220;Stai Zitto&#8221;, si prosegue senza sosta di fronte a una piazza carica di entusiasmo sino alle 23,30 circa, regalando sorprese, momenti da ricordare e gli auguri di compleanno a un fan nelle prime file.\u00a0<\/p>\n<p><img loading=\"lazy\" decoding=\"async\" src=\"https:\/\/www.europesays.com\/it\/wp-content\/uploads\/2026\/07\/745411605_10243157241777073_6532942122090744615_n-1783932735881.jpg\" alt=\"\" width=\"1920\" height=\"1280\"\/><\/p>\n<p>&#8220;Come va raga? Io mi sono alzato alle 4 per vedere il match di Conor McGregor, quindi non va molto bene&#8221;, inizia cos\u00ec, scherzano, Salmo, appassionato di MMA (il padre \u00e8 un ex body builder), evidentemente deluso dalla sconfitta rapida e fragorosa del campionissimo di mixed martial arts. Poi scatena tutto il suo camaleontico talento: brani a cappella (Luned\u00ec), esecuzioni all&#8217;unisono con la band (Aldo Ritmo \u00e8 un esempio palese di un crescendo rossiniano che scatena il pubblico). Le Carie si confermano straordinari interpreti, l&#8217;artista regala fasi emozionanti, come quando decide di scendere nel pit e cantare al fianco dei diversamente abili. Salmo ha talento infinito, ma anche sensibilit\u00e0: lascia nel finale spazio al fan Lorenzo, che canta al suo fianco l&#8217;ultimo brano in scaletta in una serata che gli rester\u00e0 scolpita nella memoria.\u00a0\u00a0<\/p>\n<p><img loading=\"lazy\" decoding=\"async\" src=\"https:\/\/www.europesays.com\/it\/wp-content\/uploads\/2026\/07\/743699430_10243157240257035_8295085433381756663_n-1783932751608.jpg\" alt=\"\" width=\"1920\" height=\"1280\"\/><\/p>\n<p>&#8220;A Dio&#8221;, &#8220;S.A.L.M.O.&#8221;, &#8220;90 min&#8221; sono il manifesto del suo percorso artistico, &#8220;Diavolo in me&#8221;, a sancire la collaborazione atistica con Zucchero, eseguita impeccabilmente, \u00e8 una cover tanto riuscita quanto manifesta della sua incredibile duttilit\u00e0 canora. E poi, a chiudere il concerto, poco prima dell&#8217;esibizione del rapper a sorpresa Lorenzo, c&#8217;\u00e8 &#8220;Il cielo in una stanza&#8221; che, come il capolavoro di Gino Paoli, va solo ascoltata, ammirata. Ci si trascina in un mondo &#8220;d&#8217;amore&#8221;, parafrasando il suo &#8220;Only Love&#8221; dedicato pi\u00f9 volte al pubblico astigiano, ma senza scadere nella banalit\u00e0. E&#8217; poesia, struggente, emozionante, cruda e pura, conclusa in cerchio dalla band con la batteria che suona forte e il pubbico che applaude convinto.<\/p>\n<p>Che sia con un bianco piemontese, un prosecco, o con un&#8217;Ichnusa, nella domenica di Salmo si \u00e8 brindato di qualit\u00e0, senza patire troppo il caldo, perch\u00e8 a parlare era la musica. Sono state due ore di pura energia ed emozione.\u00a0<\/p>\n<p>FOTO GALLERY ALESSANDRO MORRICA<\/p>\n","protected":false},"excerpt":{"rendered":"Due ore di adrenalina pura, nel segno di una straordinaria duttilit\u00e0 artistica. Salmo sa rappare, sa cantare, ha&hellip;\n","protected":false},"author":3,"featured_media":582825,"comment_status":"","ping_status":"","sticky":false,"template":"","format":"standard","meta":{"footnotes":"","_share_on_mastodon":"0"},"categories":[1443],"tags":[3381,156063,52246,203,16459,321200,204,1537,90,89,321199,309553,1538,1539,156064,28997,54532],"class_list":["post-582824","post","type-post","status-publish","format-standard","has-post-thumbnail","category-musica","tag-asti","tag-astimusica","tag-conor-mcgregor","tag-entertainment","tag-gino-paoli","tag-ichnusa","tag-intrattenimento","tag-it","tag-italia","tag-italy","tag-le-carie","tag-maurizio-pisciottu","tag-music","tag-musica","tag-piazza-alfieri","tag-salmo","tag-zucchero"],"share_on_mastodon":{"url":"https:\/\/pubeurope.com\/@it\/116912983721319514","error":""},"_links":{"self":[{"href":"https:\/\/www.europesays.com\/it\/wp-json\/wp\/v2\/posts\/582824","targetHints":{"allow":["GET"]}}],"collection":[{"href":"https:\/\/www.europesays.com\/it\/wp-json\/wp\/v2\/posts"}],"about":[{"href":"https:\/\/www.europesays.com\/it\/wp-json\/wp\/v2\/types\/post"}],"author":[{"embeddable":true,"href":"https:\/\/www.europesays.com\/it\/wp-json\/wp\/v2\/users\/3"}],"replies":[{"embeddable":true,"href":"https:\/\/www.europesays.com\/it\/wp-json\/wp\/v2\/comments?post=582824"}],"version-history":[{"count":0,"href":"https:\/\/www.europesays.com\/it\/wp-json\/wp\/v2\/posts\/582824\/revisions"}],"wp:featuredmedia":[{"embeddable":true,"href":"https:\/\/www.europesays.com\/it\/wp-json\/wp\/v2\/media\/582825"}],"wp:attachment":[{"href":"https:\/\/www.europesays.com\/it\/wp-json\/wp\/v2\/media?parent=582824"}],"wp:term":[{"taxonomy":"category","embeddable":true,"href":"https:\/\/www.europesays.com\/it\/wp-json\/wp\/v2\/categories?post=582824"},{"taxonomy":"post_tag","embeddable":true,"href":"https:\/\/www.europesays.com\/it\/wp-json\/wp\/v2\/tags?post=582824"}],"curies":[{"name":"wp","href":"https:\/\/api.w.org\/{rel}","templated":true}]}}