{"id":582843,"date":"2026-07-13T14:03:15","date_gmt":"2026-07-13T14:03:15","guid":{"rendered":"https:\/\/www.europesays.com\/it\/582843\/"},"modified":"2026-07-13T14:03:15","modified_gmt":"2026-07-13T14:03:15","slug":"sudafrica-galles-erasmus-lancia-quattro-esordienti-la-formazione-springbok-per-il-nations-championship","status":"publish","type":"post","link":"https:\/\/www.europesays.com\/it\/582843\/","title":{"rendered":"Sudafrica-Galles, Erasmus lancia quattro esordienti: la formazione Springbok per il Nations Championship"},"content":{"rendered":"<p class=\"p3\">Saranno quattro i giocatori pronti a vivere il loro primo Test con la maglia degli Springboks nella sfida contro il Galles, valida per la terza giornata del Nations Championship 2026. Il commissario tecnico del Sudafrica Rassie Erasmus ha annunciato una formazione competitiva per la sfida di sabato a Durban, riuscendo a mantenere fede alla promessa di dare spazio a tutti i giocatori della rosa allargata.<\/p>\n<p class=\"p3\">A debuttare dal primo minuto saranno il trequarti ala Jaco Williams, l\u2019apertura Vusi Moyo, il seconda linea Ruben van Heerden e il pilone Carlu Sadie. Per Williams e Moyo ci sar\u00e0 anche il privilegio di esordire davanti al pubblico di casa degli Hollywoodbets Sharks, mentre Van Heerden e Sadie completano il gruppo dei nuovi arrivati: il primo ha lasciato gli Stormers per trasferirsi in Francia, il secondo veste la maglia del Bordeaux Begles, campione dell\u2019ultima Champions Cup.<\/p>\n<p class=\"p3\">Dalla panchina potrebbe invece arrivare il secondo cap in nazionale per Andre Hugo-Venter, dopo l\u2019esordio nel 2024 contro il Portogallo, mentre Herschel Jantjies torna nel gruppo degli Springboks dopo l\u2019ultima presenza contro l\u2019Argentina nel 2023.<\/p>\n<p><b>Sudafrica-Galles: tante assenze per infortunio tra gli Springboks<\/b><\/p>\n<p class=\"p3\">Erasmus ha dovuto fare i conti anche con diverse assenze importanti. Non saranno infatti disponibili per la sfida Eben Etzebeth, Franco Mostert, Andre Esterhuizen, Canan Moodie, Handre Pollard e Ox Nche, tutti ancora alle prese con il recupero dai rispettivi infortuni.<\/p>\n<p class=\"p3\">Nonostante le assenze, il Sudafrica presenta comunque una formazione ricca di esperienza. Vusi Moyo guider\u00e0 la cabina di regia insieme al mediano di mischia Cobus Reinach, mentre Jaco Williams completer\u00e0 il triangolo allargato con Kurt-Lee Arendse e Aphelele Fassi. Ai centri, spazio alla coppia rodata Damian de Allende \u2013 Jesse Kriel.<\/p>\n<p><strong>Leggi anche:<\/strong> <a href=\"https:\/\/www.onrugby.it\/2026\/07\/13\/rieko-ioane-torna-con-gli-all-blacks-dopo-il-leinster-lala-e-stata-convocata-proprio-per-il-test-contro-lirlanda\/\" target=\"_blank\" rel=\"noopener nofollow\">Rieko Ioane torna con gli All Blacks dopo il Leinster: l\u2019ala \u00e8 stata convocata proprio per il test contro l\u2019Irlanda<\/a><\/p>\n<p class=\"p3\">Nel pacchetto di mischia, Carlu Sadie partir\u00e0 in prima linea insieme a Gerhard Steenekamp e Malcolm Marx, con Ruben van Heerden e Cobus Wiese in seconda linea. La terza linea sar\u00e0 invece composta da Paul de Villiers, Pieter-Steph du Toit, capitano della squadra, e Jasper Wiese.<\/p>\n<p><b>Sudafrica-Galles, <\/b><b>Erasmus: \u201cVogliamo dare una possibilit\u00e0 a tutti i giocatori\u201d<\/b><\/p>\n<p class=\"p3\">La panchina scelta dal tecnico sudafricano prevede cinque avanti e tre trequarti: Andre Hugo-Venter, Jan-Hendrik Wessels e Wilco Louw saranno le riserve della prima linea, mentre Ben-Jason Dixon e Marco van Staden offriranno copertura rispettivamente in seconda linea e tra gli avanti. Tra i trequarti ci saranno Herschel Jantjies, Manie Libbok e Damian Willemse.<\/p>\n<p class=\"p3\">\u201cAbbiamo detto ai giocatori fin dall\u2019inizio della stagione che, se tutto fosse andato bene, avremmo dato a tutti nella rosa la possibilit\u00e0 di giocare questa competizione. Siamo entusiasti di vedere cosa possono portare in campo i giocatori senza presenze internazionali e quelli che non erano stati coinvolti recentemente\u201d, ha spiegato Erasmus. Il ct degli Springboks ha sottolineato poi l\u2019importanza di continuare a costruire profondit\u00e0 nella rosa: \u201cCostruire una squadra ampia \u00e8 sempre stato uno dei nostri punti fondamentali dal 2018. Avere un gruppo cos\u00ec interessante di giocatori emergenti \u00e8 fantastico mentre continuiamo a preparare il futuro\u201d.<\/p>\n<p class=\"p1\">Erasmus ha poi dedicato un pensiero ai quattro debuttanti: \u201cHanno giocato molto bene con le loro franchigie in questa stagione e hanno lavorato duramente in allenamento aspettando pazientemente la loro occasione. Siamo felici per loro. Abbiamo piena fiducia nelle loro capacit\u00e0 e sono sicuro che i giocatori pi\u00f9 esperti sapranno aiutarli a mantenere la calma\u201d.<\/p>\n<p><strong>Simone Zivillica<\/strong><\/p>\n<p>Sudafrica-Galles: la formazione degli Springboks<\/p>\n<p class=\"p1\"><b>Sudafrica <\/b>15. Aphelele Fassi (16 caps), 14. Jaco Williams (esordiente), 13. Jesse Kriel (89 caps), 12. Damian de Allende (98 caps), 11. Kurt-Lee Arendse (31 caps), 10. Vusi Moyo (esordiente), 9. Cobus Reinach (51 caps), 8. Jasper Wiese (45 caps), 7. Pieter-Steph du Toit (capitano, 97 caps), 6. Paul de Villiers (2 caps), 5. Ruben van Heerden (esordiente), 4. Cobus Wiese (3 caps), 3. Carlu Sadie (esordiente), 2. Malcolm Marx (88 caps), 1. Gerhard Steenekamp (17 caps).<\/p>\n<p class=\"p1\">A disposizione: 16. Andre-Hugo Venter (1 cap), 17. Jan-Hendrik Wessels (11 caps), 18. Wilco Louw (30 caps), 19. Ben-Jason Dixon (9 caps), 20. Marco van Staden (34 caps), 21. Herschel Jantjies (24 caps), 22. Manie Libbok (29 caps), 23. Damian Willemse (51 caps).<\/p>\n<p>OnRugby.it \u00a9 Riproduzione riservata<\/p>\n","protected":false},"excerpt":{"rendered":"Saranno quattro i giocatori pronti a vivere il loro primo Test con la maglia degli Springboks nella sfida&hellip;\n","protected":false},"author":3,"featured_media":217498,"comment_status":"","ping_status":"","sticky":false,"template":"","format":"standard","meta":{"footnotes":"","_share_on_mastodon":"0"},"categories":[1458],"tags":[61211,321202,6226,1537,90,89,1840,245,244,4286,321203],"class_list":["post-582843","post","type-post","status-publish","format-standard","has-post-thumbnail","category-rugby","tag-erasmus","tag-esordienti-sudafrica","tag-galles","tag-it","tag-italia","tag-italy","tag-rugby","tag-sport","tag-sports","tag-sudafrica","tag-sudafrica-galles"],"share_on_mastodon":{"url":"https:\/\/pubeurope.com\/@it\/116913046051154242","error":""},"_links":{"self":[{"href":"https:\/\/www.europesays.com\/it\/wp-json\/wp\/v2\/posts\/582843","targetHints":{"allow":["GET"]}}],"collection":[{"href":"https:\/\/www.europesays.com\/it\/wp-json\/wp\/v2\/posts"}],"about":[{"href":"https:\/\/www.europesays.com\/it\/wp-json\/wp\/v2\/types\/post"}],"author":[{"embeddable":true,"href":"https:\/\/www.europesays.com\/it\/wp-json\/wp\/v2\/users\/3"}],"replies":[{"embeddable":true,"href":"https:\/\/www.europesays.com\/it\/wp-json\/wp\/v2\/comments?post=582843"}],"version-history":[{"count":0,"href":"https:\/\/www.europesays.com\/it\/wp-json\/wp\/v2\/posts\/582843\/revisions"}],"wp:featuredmedia":[{"embeddable":true,"href":"https:\/\/www.europesays.com\/it\/wp-json\/wp\/v2\/media\/217498"}],"wp:attachment":[{"href":"https:\/\/www.europesays.com\/it\/wp-json\/wp\/v2\/media?parent=582843"}],"wp:term":[{"taxonomy":"category","embeddable":true,"href":"https:\/\/www.europesays.com\/it\/wp-json\/wp\/v2\/categories?post=582843"},{"taxonomy":"post_tag","embeddable":true,"href":"https:\/\/www.europesays.com\/it\/wp-json\/wp\/v2\/tags?post=582843"}],"curies":[{"name":"wp","href":"https:\/\/api.w.org\/{rel}","templated":true}]}}