{"id":582848,"date":"2026-07-13T14:10:13","date_gmt":"2026-07-13T14:10:13","guid":{"rendered":"https:\/\/www.europesays.com\/it\/582848\/"},"modified":"2026-07-13T14:10:13","modified_gmt":"2026-07-13T14:10:13","slug":"3-mosse-per-rendere-meno-banale-il-look-da-invitata-copiando-mariacarla-boscono-al-matrimonio-di-eva-herzigova-amica-it","status":"publish","type":"post","link":"https:\/\/www.europesays.com\/it\/582848\/","title":{"rendered":"3 mosse per rendere meno banale il look da invitata copiando Mariacarla Boscono al matrimonio di Eva Herzigova &#8211; Amica.it"},"content":{"rendered":"<ol>\n<li><a href=\"https:\/\/news.google.com\/rss\/articles\/CBMilAFBVV95cUxNNEpJaW83aDNaMzRlYTdvX3JSMkstejhhNndFTHlPaFJ2NkdSdDMwMUpVb2hIT2ZNTGZhSGx2YjdtZ0d5aGVDUjRLb0c4Njc3OG5tRHhoVUJxZUpLUk9qWlBRQmJvdUhGQjlQRVk1YTN6SEVHWkM3cTMydW9SMlpaTHhwR0pmaG5CVUVKOFVHenVkOE84?oc=5\" target=\"_blank\" rel=\"nofollow noopener\">3 mosse per rendere meno banale il look da invitata copiando Mariacarla Boscono al matrimonio di Eva Herzigova<\/a>&nbsp;&nbsp;Amica.it<\/li>\n<li><a href=\"https:\/\/news.google.com\/rss\/articles\/CBMivgJBVV95cUxNZVlrM3NYTGRaSXY4SWxaQXJ1V1ZqNHlWTDNidjVvT0FUNmctRllEUEZUV0lDNlU0anB5RUZUcURsOXk4QzhxbF9uQnZ6R1FYZ3lQTkhPMkZTMXdxLWJDdWdwdDgxMnRqUm8zOXlxbDlzbVZtMVlOZnZCWjZjR1NlQjBKenhmbGFuLXc0TnVDLTRURkU4MmR3R0dzUDFjRTlwT2ctTVJTR3lXSlBON3dQZ1R6QnJSajBzbjM1N19UaGpMYktaRDF2elBhejhwM1pyVTFpd1Vfb1ZXaUU4b0s5aExvVWVTdXhxTUd5SzRLZXlHdVhIZERTY2d6cjRUeHR0RHJhQTJCSUFmVkFBaEhpeHd2X3BSSmFYcFNjd2hqaEZCX2RFVExMYkcxeEwySWxjNVlManpaSlBLeXF5b0E?oc=5\" target=\"_blank\" rel=\"nofollow noopener\">Eva Herzigova e Gregorio Marsiaj sposi a Torino: il s\u00ec dopo 25 anni d&#8217;amore, tra chiesa, Palazzo Carignano e cena stellata al Del Cambio. Assente illustre Naomi Campbell<\/a>&nbsp;&nbsp;Il Fatto Quotidiano<\/li>\n<li><a href=\"https:\/\/news.google.com\/rss\/articles\/CBMihAFBVV95cUxPOTFSdjB3bnVyekl3X25lWkZvR0xuN1drRGx2VmFUZWJQSkVHdWRETTNvVUtkUmFmMUJkZVRXNi10WTJKU0NmRU16ZjE0d1N3N1NSM2JhNG50OXExT2pYVkJodGNwREl6SHVkR0pnZENKcXV6NGp2VmxjZlp4VVlhTlJPM1k?oc=5\" target=\"_blank\" rel=\"nofollow noopener\">L&#8217;abito da sposa di Eva Herzigova con mantella \u00e8 un modello d&#8217;archivio Lanvin dall&#8217;anima boho e dall&#8217;eleganza fiabesca<\/a>&nbsp;&nbsp;Vogue Italia<\/li>\n<li><a href=\"https:\/\/news.google.com\/rss\/articles\/CBMijgFBVV95cUxOYTlwcXZpMENFTnkwYjJzZnZrbUp5Sm5Zdy1VbWhfcFI2VUZ5T28yb3dOWEc3VnBuN24xbDgwTE1aWkJCajdZWG9ZNmFaUk5LUmFZc3djSDYwZGp4bWRZdWM4VTduUml2djUyTDhLOVNMMWktS2FvTDlnaFdKSVBPV1k1dm43czhTRjUxX19R?oc=5\" target=\"_blank\" rel=\"nofollow noopener\">Eva Herzigova sposa a 53 anni: il suo abito romantico senza eccessi \u00e8 la scelta perfetta per dire s\u00ec dopo i 50<\/a>&nbsp;&nbsp;Amica.it<\/li>\n<li><a href=\"https:\/\/news.google.com\/rss\/articles\/CBMiqAFBVV95cUxPWHAwMDY0eEhFaVJ4SUZXLXhtd2EwdG9BLWsyWk5hZzNBUWN2YXFlZm1NVjhmNzRJVUxBSWRfSjl0ZVA5ZlJxSUY1cUpsVkN4N1I1YmJaVDhvbzlmVHZZSzBaVGthVzAtLVpSZzhfc201ajVFb0lUTS02S1BHRjVtWnJWOVhhOFZIclpBUFhqWWI1eC12cGdMOFZXSjVfcFBPc052cl9JR24?oc=5\" target=\"_blank\" rel=\"nofollow noopener\">L&#8217;abito da sposa boho chic di Eva Herzigov\u00e1 \u00e8 gi\u00e0 il vestito pi\u00f9 romantico dell&#8217;anno<\/a>&nbsp;&nbsp;ELLE<\/li>\n<\/ol>\n","protected":false},"excerpt":{"rendered":"3 mosse per rendere meno banale il look da invitata copiando Mariacarla Boscono al matrimonio di Eva Herzigova&nbsp;&nbsp;Amica.it&hellip;\n","protected":false},"author":3,"featured_media":582849,"comment_status":"","ping_status":"","sticky":false,"template":"","format":"standard","meta":{"footnotes":"","_share_on_mastodon":"0"},"categories":[1451],"tags":[198889,1621,1620,203,37323,204,1537,90,89,321204],"class_list":["post-582848","post","type-post","status-publish","format-standard","has-post-thumbnail","category-celebrita","tag-abiti-da-cerimonia","tag-celebrita","tag-celebrities","tag-entertainment","tag-eva-herzigova","tag-intrattenimento","tag-it","tag-italia","tag-italy","tag-mariacarla-boscono"],"share_on_mastodon":{"url":"https:\/\/pubeurope.com\/@it\/116913073652854321","error":""},"_links":{"self":[{"href":"https:\/\/www.europesays.com\/it\/wp-json\/wp\/v2\/posts\/582848","targetHints":{"allow":["GET"]}}],"collection":[{"href":"https:\/\/www.europesays.com\/it\/wp-json\/wp\/v2\/posts"}],"about":[{"href":"https:\/\/www.europesays.com\/it\/wp-json\/wp\/v2\/types\/post"}],"author":[{"embeddable":true,"href":"https:\/\/www.europesays.com\/it\/wp-json\/wp\/v2\/users\/3"}],"replies":[{"embeddable":true,"href":"https:\/\/www.europesays.com\/it\/wp-json\/wp\/v2\/comments?post=582848"}],"version-history":[{"count":0,"href":"https:\/\/www.europesays.com\/it\/wp-json\/wp\/v2\/posts\/582848\/revisions"}],"wp:featuredmedia":[{"embeddable":true,"href":"https:\/\/www.europesays.com\/it\/wp-json\/wp\/v2\/media\/582849"}],"wp:attachment":[{"href":"https:\/\/www.europesays.com\/it\/wp-json\/wp\/v2\/media?parent=582848"}],"wp:term":[{"taxonomy":"category","embeddable":true,"href":"https:\/\/www.europesays.com\/it\/wp-json\/wp\/v2\/categories?post=582848"},{"taxonomy":"post_tag","embeddable":true,"href":"https:\/\/www.europesays.com\/it\/wp-json\/wp\/v2\/tags?post=582848"}],"curies":[{"name":"wp","href":"https:\/\/api.w.org\/{rel}","templated":true}]}}