{"id":582872,"date":"2026-07-13T14:36:10","date_gmt":"2026-07-13T14:36:10","guid":{"rendered":"https:\/\/www.europesays.com\/it\/582872\/"},"modified":"2026-07-13T14:36:10","modified_gmt":"2026-07-13T14:36:10","slug":"roma-inizia-il-raduno-novita-e-dettagli-del-primo-giorno-di-allenamenti","status":"publish","type":"post","link":"https:\/\/www.europesays.com\/it\/582872\/","title":{"rendered":"Roma, inizia il raduno: novit\u00e0 e dettagli del primo giorno di allenamenti"},"content":{"rendered":"<p>                                Qualche giocatore si \u00e8 fermato con i (pochi) tifosi presenti per i tradizionali selfie d&#8217;inizio stagone, altri no. Ancora molti gli assenti causa Mondiali<\/p>\n<p class=\"paragraph\" spellcheck=\"true\">Caldo, tantissimo. Entusiasmo un po\u2019 meno. La Roma si \u00e8 radunata oggi a Trigoria per iniziare la stagione del centenario che coincide anche con il ritorno dei giallorossi in Champions League dopo sette anni. Un appuntamento che ha convinto circa 70 tifosi (tanti bambini) a restare ore sotto il sole per strappare un selfie a Svilar e compagni e per dare l\u2019in bocca al lupo a Gasperini. Non tutti sono tornati a casa soddisfatti e in molti lamentano la lentezza su un mercato che ha visto svanire di colpo il sogno <a href=\"https:\/\/www.gazzetta.it\/Calcio\/Calciomercato\/Roma\/08-07-2026\/greenwood-roma-il-giocatore-si-allontana.shtml\" rel=\"nofollow noopener\" target=\"_blank\">Greenwood<\/a>. E lo stesso tecnico non \u00e8 apparso particolarmente felice, forse anche per la mancanza di volti nuovi in una squadra che per ora pu\u00f2 contare su ben pochi titolari visti i giocatori reduci (o ancora impegnati) nel Mondiale e chi ancora non ha rinnovato il contratto come Lorenzo Pellegrini.\u00a0<\/p>\n<p>    LA GIORNATA\u2014 \u00a0<\/p>\n<p class=\"paragraph is-inline\" spellcheck=\"true\">Il primo ad arrivare, intorno alle 8,30, \u00e8 stato Daniele Ghilardi che si \u00e8 fermato per autografi e qualche chiacchiera con i tifosi presenti. \u201cSono pronto per la Champions\u201d, ha detto il difensore prima di varcare i cancelli del centro sportivo. Dopo di lui \u00e8 stato il turno di Carlos Novel, che non \u00e8 un calciatore ovviamente. Ma l\u2019agente di Paulo Dybala arrivato a Trigoria per limare gli ultimi dettagli burocratici e procedere alla firma dell\u2019argentino per un\u2019altra stagione in giallorosso. Poi in rapida successione ecco Mancini (in auto al fianco di Gollini), Angelino, Cristante, Soul\u00e8 e Rensch (arrivato in taxi). Pochi minuti dopo ha fatto il suo ingresso Pisilli al fianco della fidanzata Anastasia Conti, nipote del mitico Bruno. L\u2019azzurro, cos\u00ec come Ghilardi, \u00e8 stato tra i pi\u00f9 disponibili con i tifosi. Lo stesso si pu\u00f2 dire di Wesley arrivato a bordo di una Ferrari color oro guidata dalla moglie e accolto dagli applausi del pubblico. Qualche insulto se l\u2019\u00e8 preso invece Dovbyk mentre Svilar, Hermoso e Ziolkowski hanno addirittura imboccato una via contro mano pur di evitare la folla.  Tanti gli applausi per Gasperini, anche lui ha preferito non fermarsi.\u00a0<\/p>\n","protected":false},"excerpt":{"rendered":"Qualche giocatore si \u00e8 fermato con i (pochi) tifosi presenti per i tradizionali selfie d&#8217;inizio stagone, altri no.&hellip;\n","protected":false},"author":3,"featured_media":582873,"comment_status":"","ping_status":"","sticky":false,"template":"","format":"standard","meta":{"footnotes":"","_share_on_mastodon":"0"},"categories":[1452],"tags":[9683,321206,321207,3811,16468,3077,721,1969,5739,368,3964,1740,5301,4761,1537,90,89,2466,3790,987,20975,1739,245,244,577,31155,5248,52469,6035,321205,11333],"class_list":["post-582872","post","type-post","status-publish","format-standard","has-post-thumbnail","category-calcio","tag-accolto","tag-accolto-applausi","tag-accolto-applausi-pubblico","tag-addirittura","tag-applausi","tag-arrivato","tag-calcio","tag-champions","tag-fermato","tag-ferrari","tag-fianco","tag-football","tag-gasperini","tag-ghilardi","tag-it","tag-italia","tag-italy","tag-pochi","tag-presenti","tag-roma","tag-selfie","tag-soccer","tag-sport","tag-sports","tag-stagione","tag-svilar","tag-tanti","tag-taxi","tag-tifosi","tag-tifosi-presenti","tag-trigoria"],"share_on_mastodon":{"url":"https:\/\/pubeurope.com\/@it\/116913175993604685","error":""},"_links":{"self":[{"href":"https:\/\/www.europesays.com\/it\/wp-json\/wp\/v2\/posts\/582872","targetHints":{"allow":["GET"]}}],"collection":[{"href":"https:\/\/www.europesays.com\/it\/wp-json\/wp\/v2\/posts"}],"about":[{"href":"https:\/\/www.europesays.com\/it\/wp-json\/wp\/v2\/types\/post"}],"author":[{"embeddable":true,"href":"https:\/\/www.europesays.com\/it\/wp-json\/wp\/v2\/users\/3"}],"replies":[{"embeddable":true,"href":"https:\/\/www.europesays.com\/it\/wp-json\/wp\/v2\/comments?post=582872"}],"version-history":[{"count":0,"href":"https:\/\/www.europesays.com\/it\/wp-json\/wp\/v2\/posts\/582872\/revisions"}],"wp:featuredmedia":[{"embeddable":true,"href":"https:\/\/www.europesays.com\/it\/wp-json\/wp\/v2\/media\/582873"}],"wp:attachment":[{"href":"https:\/\/www.europesays.com\/it\/wp-json\/wp\/v2\/media?parent=582872"}],"wp:term":[{"taxonomy":"category","embeddable":true,"href":"https:\/\/www.europesays.com\/it\/wp-json\/wp\/v2\/categories?post=582872"},{"taxonomy":"post_tag","embeddable":true,"href":"https:\/\/www.europesays.com\/it\/wp-json\/wp\/v2\/tags?post=582872"}],"curies":[{"name":"wp","href":"https:\/\/api.w.org\/{rel}","templated":true}]}}