{"id":582934,"date":"2026-07-13T15:23:28","date_gmt":"2026-07-13T15:23:28","guid":{"rendered":"https:\/\/www.europesays.com\/it\/582934\/"},"modified":"2026-07-13T15:23:28","modified_gmt":"2026-07-13T15:23:28","slug":"umberto-zanussi-e-il-miglior-arbitro-della-superlega-il-fischietto-di-casale-vince-il-premio-ilario-toniolo-per-la-seconda-volta","status":"publish","type":"post","link":"https:\/\/www.europesays.com\/it\/582934\/","title":{"rendered":"Umberto Zanussi \u00e8 il miglior arbitro della SuperLega, il fischietto di Casale vince il premio &#8216;Ilario Toniolo&#8217; per la seconda volta"},"content":{"rendered":"<p><strong><a href=\"https:\/\/www.ilgazzettino.it\/t\/treviso\" rel=\"nofollow noopener\" target=\"_blank\">TREVISO<\/a><\/strong> &#8211; Ancora grandi soddisfazioni per il comparto arbitri della Federvolley di Treviso. A <strong><a href=\"https:\/\/www.ilgazzettino.it\/t\/umberto-zanussi\" rel=\"nofollow noopener\" target=\"_blank\">Umberto Zanussi<\/a><\/strong><strong> <\/strong>\u00e8 stato infatti assegnato il Premio \u201cIlario Toniolo\u201d \u2013 Miglior <strong><a href=\"https:\/\/www.ilgazzettino.it\/t\/arbitro\" rel=\"nofollow noopener\" target=\"_blank\">arbitro<\/a><\/strong> di <a href=\"https:\/\/www.ilgazzettino.it\/t\/superlega\" rel=\"nofollow noopener\" target=\"_blank\">SuperLega<\/a> Credem Banca. Il voto delle societ\u00e0 di Superlega ha premiato per il secondo anno consecutivo il fischietto di Casale sul Sile, che ha concluso la sua carriera poche settimane fa sul campo della finalissima che ha assegnato lo scudetto a Perugia. La sua \u00e8 stata una carriera straordinaria, caratterizzata dalla grande competenza tecnica, dalla professionalit\u00e0 e dallo stile autorevole in campo, che ha sempre meritato il rispetto anche per le doti di grande umanit\u00e0, che hanno accompagnato le sue funzioni. Un riconoscimento particolarmente significativo perch\u00e9 viene assegnato proprio dalle societ\u00e0 e che questa volta suggella la chiusura, nel migliore dei modi, della sua carriera per raggiunti limiti di et\u00e0.\u00a0<\/p>\n<p>    &#13;<\/p>\n<p>APPROFONDIMENTI<\/p>\n<p>&#13;<\/p>\n<p>                            &#13;<br \/>\n                                            &#13;<br \/>\n                            <a href=\"https:\/\/www.ilgazzettino.it\/nordest\/treviso\/sorelle_fucka_figlie_leggenda_basket_papa_maestro-9634009.html\" rel=\"nofollow noopener\" target=\"_blank\">&#13;<br \/>\n                                                                <img decoding=\"async\" src=\"https:\/\/www.europesays.com\/it\/wp-content\/uploads\/2026\/07\/9634009_05231320_fucka_1.jpg\"\/>&#13;<br \/>\n                            <\/a>&#13;<br \/>\n                        &#13;<br \/>\n                                        &#13;<\/p>\n<p>        &#13;<\/p>\n<p>Il commento <\/p>\n<p>\u00a0\u00abSono molto orgoglioso del premio che mi \u00e8 stato assegnato &#8211; ha dichiarato Zanussi &#8211; Ripetersi non \u00e8 mai semplice, soprattutto perch\u00e9 ero in competizione con tanti altri colleghi davvero eccellenti. Un premio che mi rende felice anche perch\u00e9 porta il nome del mio Comitato e del Veneto ancora una volta ai vertici a livello nazionale, chiudendo un&#8217;esperienza in serie A con la classica ciliegina sulla torta\u00bb. Progetti per il futuro? \u00abAl momento non ne ho fatti. Sicuramente dedicher\u00f2 pi\u00f9 tempo alla mia famiglia, che mi ha sempre sostenuto e senza la quale non sarei arrivato a questi risultati. Poi continuer\u00f2 a dare il mio supporto al comitato di Treviso e a quello Veneto ogni qualvolta me lo chiederanno. Non dimentico le mie origini. Sono partito da qui e gli sono molto grato. Ma voglio anche dire grazie a tutti coloro che ho incontrato in questi 30 anni di arbitro di cui 20 in serie A. Non mi aspettavo cos\u00ec tanti messaggi e attestazioni di stima. Anche questo mi rende orgoglioso del percorso che ho fatto\u00bb.\u00a0<\/p>\n<p>\u00a0  <br \/>I riconoscimenti\u00a0 <\/p>\n<p>Ma Treviso ha anche altro da festeggiare perch\u00e9 proprio di queste ore la notizia del passaggio in ruolo A di Chiara Maran e Alessandro Scapinello. Un risultato che riconosce l&#8217;impegno, la preparazione tecnica e la continuit\u00e0 dimostrata dai due fischietti, che in questa stagione facevano parte del gruppo B 1 Top e che hanno avuto modo di distinguersi grazie anche alle designazioni delle finali nazionali giovanili (Junior League 2024 per la Maran e la finale scudetto Under 19 2026 per Scapinello). Con loro promosso in ruolo B Giosu\u00e9 Bergamin, reduce dal Trofeo delle Regioni \u2013 AeQuilibrium Cup. &#8220;Sono contento che siano stati promossi in A due colleghi del mio comitato di Treviso &#8211; ha dichiarato Zanussi &#8211; Auguro a loro di poter avere una carriera come la mia e magari di arrivare a traguardi anche maggiori!&#8221;. Infine, altro risultato importante, \u00e8 la convocazione di Dominga Lot, convocata alla Volleyball Nations League 2026 in corso a Belgrado. La Lot, che vive a Santa Lucia di Piave, sar\u00e0 impegnata questa settimana nella direzione delle gare femminili e la prossima in quelle maschili. Nel 2020 la Lot \u00e8 stata la prima italiana chiamata nella \u00e9lite degli arbitri FIVB e nel 2021 \u00e8 stata la prima donna ad arbitrare una della gare di Finale Scudetto.<\/p>\n","protected":false},"excerpt":{"rendered":"TREVISO &#8211; Ancora grandi soddisfazioni per il comparto arbitri della Federvolley di Treviso. A Umberto Zanussi \u00e8 stato&hellip;\n","protected":false},"author":3,"featured_media":582935,"comment_status":"","ping_status":"","sticky":false,"template":"","format":"standard","meta":{"footnotes":"","_share_on_mastodon":"0"},"categories":[1474],"tags":[13146,1537,90,89,245,244,9406,442,321224,1869],"class_list":["post-582934","post","type-post","status-publish","format-standard","has-post-thumbnail","category-volley","tag-arbitro","tag-it","tag-italia","tag-italy","tag-sport","tag-sports","tag-superlega","tag-treviso","tag-umberto-zanussi","tag-volley"],"share_on_mastodon":{"url":"https:\/\/pubeurope.com\/@it\/116913361328898613","error":""},"_links":{"self":[{"href":"https:\/\/www.europesays.com\/it\/wp-json\/wp\/v2\/posts\/582934","targetHints":{"allow":["GET"]}}],"collection":[{"href":"https:\/\/www.europesays.com\/it\/wp-json\/wp\/v2\/posts"}],"about":[{"href":"https:\/\/www.europesays.com\/it\/wp-json\/wp\/v2\/types\/post"}],"author":[{"embeddable":true,"href":"https:\/\/www.europesays.com\/it\/wp-json\/wp\/v2\/users\/3"}],"replies":[{"embeddable":true,"href":"https:\/\/www.europesays.com\/it\/wp-json\/wp\/v2\/comments?post=582934"}],"version-history":[{"count":0,"href":"https:\/\/www.europesays.com\/it\/wp-json\/wp\/v2\/posts\/582934\/revisions"}],"wp:featuredmedia":[{"embeddable":true,"href":"https:\/\/www.europesays.com\/it\/wp-json\/wp\/v2\/media\/582935"}],"wp:attachment":[{"href":"https:\/\/www.europesays.com\/it\/wp-json\/wp\/v2\/media?parent=582934"}],"wp:term":[{"taxonomy":"category","embeddable":true,"href":"https:\/\/www.europesays.com\/it\/wp-json\/wp\/v2\/categories?post=582934"},{"taxonomy":"post_tag","embeddable":true,"href":"https:\/\/www.europesays.com\/it\/wp-json\/wp\/v2\/tags?post=582934"}],"curies":[{"name":"wp","href":"https:\/\/api.w.org\/{rel}","templated":true}]}}