{"id":583030,"date":"2026-07-13T16:40:18","date_gmt":"2026-07-13T16:40:18","guid":{"rendered":"https:\/\/www.europesays.com\/it\/583030\/"},"modified":"2026-07-13T16:40:18","modified_gmt":"2026-07-13T16:40:18","slug":"semestre-filtro-di-medicina-fissate-le-date-degli-appelli-bernini-da-piu-tempo-agli-studenti-per-studiare","status":"publish","type":"post","link":"https:\/\/www.europesays.com\/it\/583030\/","title":{"rendered":"Semestre filtro di Medicina, fissate le date degli appelli. Bernini d\u00e0 pi\u00f9 tempo agli studenti per studiare"},"content":{"rendered":"<p>    di<br \/>\n    Redazione Universit\u00e0<\/p>\n<p class=\"summary-art is-line-h-12\">Dopo il record di bocciature dell&#8217;anno scorso, il primo appello scivola al 10 dicembre, il secondo all&#8217;11 gennaio. Pi\u00f9 tempo anche per rispondere ai test, (solo 5 minuti per\u00f2) che restano fissati in un unico giorno per tutte e tre le materie: Chimica, Fisica e Biologia. Gli studenti che ritentano l&#8217;esame e vanno peggio della prima volta non saranno pi\u00f9 penalizzati<\/p>\n<p class=\"chapter-paragraph\">Attesa finita per decine di migliaia di aspiranti camici bianchi.\u00a0 Il Ministro dell&#8217;Universit\u00e0 Anna Maria Bernini ha firmato <b>il decreto per l&#8217;anno accademico 2026\/2027 che\u00a0 conferma l&#8217;impianto del cosiddetto <a href=\"https:\/\/roma.corriere.it\/notizie\/cronaca\/26_luglio_13\/universita-medicina-al-via-le-iscrizioni-al-semestre-aperto-daf77288-649a-42bb-85e2-db3bd6d79xlk.shtml\" title=\"Medicina, le date per le iscrizioni al semestre aperto: ecco entro quando presentare domanda e come\" rel=\"nofollow noopener\" target=\"_blank\">\u00absemestre filtro\u00bb<\/a>\u00a0di Medicina\u00a0<\/b>&#8211; accesso libero ai corsi di <b>Fisica, Chimica e Propedeutica Biochimica e Biologia<\/b> con sbarramento rinviato in un secondo momento &#8211; ma introduce alcune novit\u00e0 frutto anche del confronto con gli studenti che, dopo il record di bocciature registrate l&#8217;anno scorso, chiedevano pi\u00f9 tempo sia per seguire i corsi che per prepararsi agli esami. E sono stati accontentati: i<b>l primo appello<\/b>\u00a0infatti si svolger\u00e0 <b>gioved\u00ec\u00a010 dicembre e il secondo scivola dopo le feste di Natale, a luned\u00ec 11 gennaio\u00a0<\/b>(l&#8217;anno scorso erano stati fissati rispettivamente il 20 novembre e il 10 dicembre).\u00a0<\/p>\n<p class=\"chapter-paragraph\">Non sono state accolte invece le richieste di chi sosteneva che sostenere tre esami in un giorno, in tre materie fondamentali come la Fisica la Chimica e la Biologia,\u00a0 fosse troppo oneroso. L&#8217;unica concessione fatta riguarda la pausa fra un test e l&#8217;altro: mezzora invece di un quarto d&#8217;ora. Anche sulla durata dell&#8217;esame c&#8217;\u00e8 stato solo un piccolo ritocco: le domande restano 31, il tempo a disposizione 50 minuti invece di 45. <b>Le lezioni dovranno finire al massimo dieci giorni prima del primo appello, quindi entro la fine di novembre:<\/b> di fatto <b>i professori avranno tre settimane in pi\u00f9 per svolgere il programma. <\/b>Gli esiti del primo appello si sapranno gi\u00e0 prima delle feste, il 23 dicembre, quelli del secondo il 20 gennaio.\u00a0    &#13;<br \/>\n&#13;<br \/>\n&#13;<br \/>\n&#13;<br \/>\n&#13;<br \/>\n&#13;<br \/>\n&#13;<br \/>\n&#13;<br \/>\n&#13;<br \/>\n&#13;<br \/>\n&#13;<br \/>\n&#13;<br \/>\n&#13;<br \/>\n&#13;<br \/>\n&#13;<br \/>\n&#13;<br \/>\n&#13;<br \/>\n&#13;<br \/>\n&#13;<br \/>\n&#13;<br \/>\n&#13;<br \/>\n&#13;<br \/>\n&#13;<br \/>\n&#13;<br \/>\n&#13;<br \/>\n&#13;<br \/>\n&#13;<br \/>\n&#13;<br \/>\n&#13;<br \/>\n&#13;<br \/>\n&#13;<br \/>\n&#13;<br \/>\n&#13;<br \/>\n&#13;<br \/>\n&#13;<br \/>\n&#13;<br \/>\n&#13;<br \/>\n&#13;<br \/>\n&#13;<br \/>\n&#13;<br \/>\n&#13;<br \/>\n&#13;<br \/>\n&#13;<br \/>\n&#13;<br \/>\n&#13;<br \/>\n&#13;<br \/>\n&#13;<br \/>\n&#13;<br \/>\n&#13;<br \/>\n&#13;<br \/>\n&#13;<br \/>\n&#13;<br \/>\n&#13;\n<\/p>\n<p class=\"chapter-paragraph\">Contestualmente alla pubblicazione del decreto, si sono aperte anche le iscrizioni al semestre: gli studenti potranno presentare domanda fino al 3 agosto sul portale universitaly.it. Per pagare il contributo di iscrizione ci sar\u00e0 tempo fino al 5 agosto.\u00a0<\/p>\n<p class=\"chapter-paragraph\">Tra le altre novit\u00e0 contenute nel decreto, anche un ritocco dei tempi per svolgere i test: 5 minuti in pi\u00f9. <b>Le domande rimangono 31: 10 a completamento e 21 a risposta multipla, consentendo agli studenti di conseguire una valutazione fino a 30 e lode<\/b>. Ogni risposta corretta assegner\u00e0 1 punto, quella errata comporter\u00e0 una penalizzazione di 0,1 punti. Le risposte non date saranno valutate con un punteggio pari a 0. Rispetto allo scorso anno viene aumentato il tempo a disposizione per sostenere le prove d&#8217;esame. <b>I minuti a disposizione saranno 50 (invece di 45 come l&#8217;anno scrso).<\/b> Al termine di ognuna delle tre prove \u00e8 prevista una pausa di 30 minuti (lo scorso anno era di 15). La graduatoria nazionale sar\u00e0 composta da tre sezioni: nella prima sar\u00e0 inserito chi avr\u00e0 superato 3 esami; nella seconda gli studenti che avranno conseguito almeno due 18\/30; nella terza coloro che avranno superato un solo esame. Gli studenti saranno inseriti nelle rispettive sezioni secondo l&#8217;ordine del punteggio conseguito.\u00a0<\/p>\n<p class=\"chapter-paragraph\">Una novit\u00e0 rispetto allo scorso anno riguarda il voto utile ai fini della graduatoria: sar\u00e0 considerato automaticamente il risultato migliore, che comunque deve essere superiore a 18\/30, tra i due ottenuti nella stessa prova. <b>Gli incauti che ritentano l&#8217;esame e poi prendono un voto peggioredella prima volta non saranno pi\u00f9 penalizzati.\u00a0<\/b><\/p>\n<p class=\"chapter-paragraph\">Come lo scorso anno, gli studenti che non hanno superato uno o due esami di profitto nel corso della sessione, che risultino collocati in posizione utile in graduatoria, potranno conseguire i crediti formativi mancanti nella sede di assegnazione in tempo utile per l&#8217;immatricolazione al secondo semestre. Per accompagnare gli studenti nella preparazione <b>\u00e8 gi\u00e0 online la piattaforma gratuita www.semestreaperto-medodovet.it<\/b>, promossa dalla Conferenza dei Rettori delle Universit\u00e0 Italiane (Crui) in collaborazione con il Ministero dell&#8217;Universit\u00e0 e della Ricerca e realizzata dal Consorzio interuniversitario Cisia. Il portale mette a disposizione contenuti didattici, esercitazioni, strumenti di autovalutazione e, progressivamente, moduli formativi e simulazioni degli esami, affiancando le attivit\u00e0 organizzate dagli atenei.\u00a0<\/p>\n<p class=\"chapter-paragraph\"><b>In fase di iscrizione gli studenti dovranno indicare almeno 10 sedi<\/b> dove procedere alla successiva immatricolazione e indicare anche un corso affine su cui intendono concorrere per l&#8217;ipotesi di mancata collocazione in posizione utile nella graduatoria di merito e almeno 5 sedi dello stesso (l&#8217;obbligo non riguarda chi \u00e8 gi\u00e0 iscritto a uno dei corsi affini).<\/p>\n<p class=\"is-last-update\" datetime=\"2026-07-13T18:01:44+02:00\">13 luglio 2026 ( modifica il 13 luglio 2026 | 18:01)<\/p>\n<p class=\"is-copyright\">\n            \u00a9 RIPRODUZIONE RISERVATA\n        <\/p>\n","protected":false},"excerpt":{"rendered":"di Redazione Universit\u00e0 Dopo il record di bocciature dell&#8217;anno scorso, il primo appello scivola al 10 dicembre, il&hellip;\n","protected":false},"author":3,"featured_media":583031,"comment_status":"","ping_status":"","sticky":false,"template":"","format":"standard","meta":{"footnotes":"","_share_on_mastodon":"0"},"categories":[79],"tags":[2699,839,321253,840,53877,11843,14668,36704,70698,64495,3020,790,14,93,94,10696,2582,1888,141290,6258,4754,5829,5286,6104,4845,16011,321254,1713,149744,321255,150562,2614,16013,138652,49085,1537,90,89,3479,7,15,7462,7301,6564,5926,16512,2641,11,84,91,12,85,92,4316,21742],"class_list":["post-583030","post","type-post","status-publish","format-standard","has-post-thumbnail","category-italia","tag-agosto","tag-almeno","tag-almeno-sedi","tag-appello","tag-bernini","tag-biologia","tag-bocciature","tag-chimica","tag-conseguire","tag-conseguito","tag-corsi","tag-corso","tag-cronaca","tag-cronaca-italiana","tag-cronacaitaliana","tag-date","tag-decreto","tag-dicembre","tag-dicembre-gennaio","tag-disposizione","tag-domande","tag-dovranno","tag-esame","tag-esami","tag-feste","tag-filtro","tag-filtro-medicina","tag-fisica","tag-fisica-chimica","tag-fissati","tag-formativi","tag-gennaio","tag-graduatoria","tag-immatricolazione","tag-indicare","tag-it","tag-italia","tag-italy","tag-minuti","tag-news","tag-notizie","tag-novita","tag-riguarda","tag-semestre","tag-studenti","tag-superato","tag-test","tag-ultime-notizie","tag-ultime-notizie-e-news-di-oggi","tag-ultime-notizie-italia","tag-ultimenotizie","tag-ultimenotizieenewsdioggi","tag-ultimenotizieitalia","tag-universita","tag-utile"],"share_on_mastodon":{"url":"","error":"Validation failed: Text character limit of 500 exceeded"},"_links":{"self":[{"href":"https:\/\/www.europesays.com\/it\/wp-json\/wp\/v2\/posts\/583030","targetHints":{"allow":["GET"]}}],"collection":[{"href":"https:\/\/www.europesays.com\/it\/wp-json\/wp\/v2\/posts"}],"about":[{"href":"https:\/\/www.europesays.com\/it\/wp-json\/wp\/v2\/types\/post"}],"author":[{"embeddable":true,"href":"https:\/\/www.europesays.com\/it\/wp-json\/wp\/v2\/users\/3"}],"replies":[{"embeddable":true,"href":"https:\/\/www.europesays.com\/it\/wp-json\/wp\/v2\/comments?post=583030"}],"version-history":[{"count":0,"href":"https:\/\/www.europesays.com\/it\/wp-json\/wp\/v2\/posts\/583030\/revisions"}],"wp:featuredmedia":[{"embeddable":true,"href":"https:\/\/www.europesays.com\/it\/wp-json\/wp\/v2\/media\/583031"}],"wp:attachment":[{"href":"https:\/\/www.europesays.com\/it\/wp-json\/wp\/v2\/media?parent=583030"}],"wp:term":[{"taxonomy":"category","embeddable":true,"href":"https:\/\/www.europesays.com\/it\/wp-json\/wp\/v2\/categories?post=583030"},{"taxonomy":"post_tag","embeddable":true,"href":"https:\/\/www.europesays.com\/it\/wp-json\/wp\/v2\/tags?post=583030"}],"curies":[{"name":"wp","href":"https:\/\/api.w.org\/{rel}","templated":true}]}}