{"id":583162,"date":"2026-07-13T18:43:17","date_gmt":"2026-07-13T18:43:17","guid":{"rendered":"https:\/\/www.europesays.com\/it\/583162\/"},"modified":"2026-07-13T18:43:17","modified_gmt":"2026-07-13T18:43:17","slug":"un-toro-al-50-un-ritiro-diviso-in-due","status":"publish","type":"post","link":"https:\/\/www.europesays.com\/it\/583162\/","title":{"rendered":"Un Toro al 50%: un ritiro diviso in due"},"content":{"rendered":"<p>\n\u00c8 cominciato questa mattina il ritiro del Torino a Pinzolo. <strong>Un ritiro che, almeno nella sua prima fase, ha il sapore di un cantiere aperto: una rosa ancora lontana dalla sua versione definitiva,<\/strong> tanti giovani della Primavera chiamati a colmare i vuoti dell&#8217;organico e un mercato che deve ancora entrare nel vivo. I granata hanno salutato ieri il Filadelfia con il primo allenamento a porte aperte della stagione, prima di raggiungere in serata la localit\u00e0 trentina. Oggi Ignazio Abate ha diretto la prima seduta di lavoro, iniziata in palestra e proseguita sul campo con le prime esercitazioni tattiche sul 3-4-2-1. L&#8217;attenzione, per\u00f2, resta inevitabilmente rivolta al mercato. Petrachi \u00e8 al lavoro per consegnare al tecnico una squadra pi\u00f9 vicina possibile alla sua idea di calcio, ma tra reparti ancora da completare, giocatori destinati a partire e numerosi Primavera aggregati al gruppo, quello che ha iniziato il ritiro \u00e8 un Torino ancora lontano dalla sua versione definitiva.\n<\/p>\n<p>        <img src=\"https:\/\/www.europesays.com\/it\/wp-content\/uploads\/2026\/07\/ritiro-abate-c866b99997e9-480x320.jpg\"   width=\"612\" height=\"408\" alt=\"ritiro abate\" title=\"ritiro abate\" loading=\"eager\" fetchpriority=\"high\" decoding=\"sync\" class=\"w-full h-auto aspect-3\/2 object-cover object-top rounded-lg\"\/><\/p>\n<p>            I convocati da AbateIl tecnico Ignazio Abate ha convocato i seguenti calciatori per il ritiro di Pinzolo: Zakaria Aboukhlal, Wisdom Acquah, Faustino Anjorin, Come Bianay Balcot, Cristiano Biraghi, Matteo Brezzo, Alessio Cacciamani, Manuel Carrascosa, Cesare Casadei, Francesco Cereser, Saul Coco, Marco Dalla Vecchia, Alessandro Dellavalle, Ali Demb\u00e9l\u00e9, Tommaso Gabellini, Gvidas Gineitis, Ivan Ilic, Emirhan Ilkhan, Ardian Ismajli, Zalan Kugyela, Sandro Kulenovic, Alieu Njie, Gaetano Oristanio, Alberto Paleari, Pietro Pellegri, Pasquale Pellican\u00f2, Mattia Pellini, Romeo Sandrucci, Giovanni Simeone, Lapo Siviero, Duvan Zapata.<\/p>\n<p>            Il ritiro tra mercato, giovani e attesa<\/p>\n<p class=\"PDq2pG_selectionAnchorContainer\" data-start=\"109\" data-end=\"688\">Guardando la lista dei <strong data-start=\"132\" data-end=\"148\">31 convocati<\/strong> di Ignazio Abate, salta subito all&#8217;occhio la presenza di circa una decina di giocatori della Primavera. Un dato che pu\u00f2 essere letto da due prospettive. Da una parte rappresenta un&#8217;opportunit\u00e0: il nuovo tecnico avr\u00e0 la possibilit\u00e0 di osservare da vicino alcuni dei migliori talenti del vivaio granata, valutandone qualit\u00e0 e margini di crescita. Dall&#8217;altra, per\u00f2, evidenzia una realt\u00e0 ben diversa: il Torino \u00e8 stato costretto a completare numericamente il gruppo con diversi giovani, sintomo di una rosa ancora lontana dall&#8217;essere completa. Il risultato \u00e8 un ritiro che, almeno nella sua prima fase, vedr\u00e0 un <strong data-start=\"760\" data-end=\"791\">Toro inevitabilmente a met\u00e0<\/strong>. Soltanto dalla seconda settimana, infatti, la squadra inizier\u00e0 ad assumere contorni pi\u00f9 definiti. Da un lato potrebbero rientrare in gruppo i giocatori che stanno svolgendo un lavoro differenziato, come <strong data-start=\"996\" data-end=\"1029\">Aboukhlal, Pellegri e Anjorin<\/strong>. Dall&#8217;altro sono attesi i tre granata reduci dal Mondiale, <strong data-start=\"1089\" data-end=\"1117\">Pedersen, Vlasic e Adams<\/strong>, che raggiungeranno il resto della squadra a Pinzolo. E poi c&#8217;\u00e8 il mercato, il tassello pi\u00f9 atteso ma anche il pi\u00f9 incerto.<strong><a style=\"color: #800000;\" href=\"https:\/\/www.toronews.net\/toro\/approfondimenti\/la-settimana-di-fuoco-di-petrachi-dallincontro-per-il-portiere-ai-difensori\/\" rel=\"nofollow noopener\" target=\"_blank\"> Petrachi continua a lavorare soprattutto sul portiere e sui due difensori centrali<\/a><\/strong> richiesti da Abate. Solo quando anche quei vuoti saranno colmati si potr\u00e0 davvero iniziare a intravedere una parvenza del Toro che il tecnico ha in mente per la nuova stagione.<\/p>\n","protected":false},"excerpt":{"rendered":"\u00c8 cominciato questa mattina il ritiro del Torino a Pinzolo. Un ritiro che, almeno nella sua prima fase,&hellip;\n","protected":false},"author":3,"featured_media":583163,"comment_status":"","ping_status":"","sticky":false,"template":"","format":"standard","meta":{"footnotes":"","_share_on_mastodon":"0"},"categories":[1452],"tags":[63862,12147,839,123337,7591,721,17296,10111,321429,7406,313,1740,3412,1598,321430,5197,46789,295776,51315,1537,90,89,12489,1412,104538,116505,11928,4400,1738,321431,321432,321433,5569,321434,1739,245,244,1857,577,3375,1641,5517],"class_list":["post-583162","post","type-post","status-publish","format-standard","has-post-thumbnail","category-calcio","tag-abate","tag-aboukhlal","tag-almeno","tag-almeno-fase","tag-anjorin","tag-calcio","tag-completare","tag-convocati","tag-convocati-abate","tag-definitiva","tag-fase","tag-football","tag-giocatori","tag-giovani","tag-giovani-primavera","tag-granata","tag-ignazio","tag-ignazio-abate","tag-inevitabilmente","tag-it","tag-italia","tag-italy","tag-lontana","tag-mercato","tag-pellegri","tag-petrachi","tag-pinzolo","tag-primavera","tag-ritiro","tag-ritiro-almeno","tag-ritiro-almeno-fase","tag-ritiro-torino","tag-rosa","tag-rosa-lontana","tag-soccer","tag-sport","tag-sports","tag-squadra","tag-stagione","tag-tecnico","tag-torino","tag-toro"],"share_on_mastodon":{"url":"https:\/\/pubeurope.com\/@it\/116914147647176340","error":""},"_links":{"self":[{"href":"https:\/\/www.europesays.com\/it\/wp-json\/wp\/v2\/posts\/583162","targetHints":{"allow":["GET"]}}],"collection":[{"href":"https:\/\/www.europesays.com\/it\/wp-json\/wp\/v2\/posts"}],"about":[{"href":"https:\/\/www.europesays.com\/it\/wp-json\/wp\/v2\/types\/post"}],"author":[{"embeddable":true,"href":"https:\/\/www.europesays.com\/it\/wp-json\/wp\/v2\/users\/3"}],"replies":[{"embeddable":true,"href":"https:\/\/www.europesays.com\/it\/wp-json\/wp\/v2\/comments?post=583162"}],"version-history":[{"count":0,"href":"https:\/\/www.europesays.com\/it\/wp-json\/wp\/v2\/posts\/583162\/revisions"}],"wp:featuredmedia":[{"embeddable":true,"href":"https:\/\/www.europesays.com\/it\/wp-json\/wp\/v2\/media\/583163"}],"wp:attachment":[{"href":"https:\/\/www.europesays.com\/it\/wp-json\/wp\/v2\/media?parent=583162"}],"wp:term":[{"taxonomy":"category","embeddable":true,"href":"https:\/\/www.europesays.com\/it\/wp-json\/wp\/v2\/categories?post=583162"},{"taxonomy":"post_tag","embeddable":true,"href":"https:\/\/www.europesays.com\/it\/wp-json\/wp\/v2\/tags?post=583162"}],"curies":[{"name":"wp","href":"https:\/\/api.w.org\/{rel}","templated":true}]}}