{"id":583212,"date":"2026-07-13T19:23:15","date_gmt":"2026-07-13T19:23:15","guid":{"rendered":"https:\/\/www.europesays.com\/it\/583212\/"},"modified":"2026-07-13T19:23:15","modified_gmt":"2026-07-13T19:23:15","slug":"thiago-avila-in-scia-ad-ilaria-salis-il-leader-della-flotilla-si-candida","status":"publish","type":"post","link":"https:\/\/www.europesays.com\/it\/583212\/","title":{"rendered":"Thiago \u00c1vila in scia ad Ilaria Salis: il leader della Flotilla si candida"},"content":{"rendered":"<p>\u00c8 il leader dell\u2019umanitaria Flotilla, che ha usato come un taxi per sbarcare in parlamento. Il brasiliano Thiago \u00c1vila, arrestato due volte dopo i tragicomici spettacoli sul circo galleggiante (per Israele ha legami pi\u00f9 che sospetti con Hamas), fermato dalla polizia anche a Panama, noto per aver partecipato ai funerali di Nasrallah (ex capo dei terroristi di Hezbollah) e definito la palestinese Leila Khaled (protagonista di due dirottamenti aerei civili nel \u201969 e nel \u201970) la persona che pi\u00f9 ammira al mondo, \u00c1vila, dicevamo, s\u2019\u00e8 candidato alla Camera in rappresentanza del seggio di San Paolo (si vota il 4 ottobre).<\/p>\n<p>L\u2019aspirante onorevole, 39 anni, \u00e8 stato inserito in un cartello elettorale simile ad Avs, ossia l\u2019alleanza Psol (Partito Socialismo e Libert\u00e0, il simbolo \u00e8 un sole che ride) e Rede Sustentabilidade, dei Bonelli che anzich\u00e9 brandire i sassi dell\u2019Adige pensano all\u2019Amazzonia.<\/p>\n<p><strong>I SOSTENITORI <\/strong><br \/>Sulla pagina web dove raccoglie i fondi e compaiono imam di centri islamici, nel caso specifico \u201cIman Mahdi\u201d \u2013 considerato vicino al regime iraniano degli ayatollah \u2013 \u00c1vila scrive che all\u2019inizio ha rifiutato varie proposte di candidatura, doveva rimanere \u00abconcentrato sulle missioni internazionali e sul contrasto alle forze che promuovono il genocidio. Per\u00f2\u00bb, aggiunge, \u00abla situazione \u00e8 cambiata e i rischi per la mia vita sono aumentati, cos\u00ec come le conseguenze\u00bb per la sua famiglia. Qualcuno maligna che i rischi li voglia scongiurare con l\u2019immunit\u00e0 parlamentare, sempre utile, ma noi non possiamo dirlo.<\/p>\n<p>Di sicuro lo status di parlamentare gli permetterebbe di scorrazzare per i mari senza alcuna conseguenza giudiziaria, un po\u2019 come gli onorevoli flottanti italiani \u2013 da Benedetta Benny Scuderi (della Bonelli&amp;Fratoianni) che ha denunciato il furto della crema solare, al contiano Dario Carotenuto che voleva fare da \u00abscudo umano\u00bb alla ciurma \u2013 solo un po\u2019 meno serio di loro. Un\u2019altra certezza \u00e8 che il capo Flotilla ha cambiato idea repentinamente, le \u00abmissioni internazionali\u00bb sono sempre importanti ma meno di prima, e adesso si prepara a occupare lo scranno.<\/p>\n<p>Leggiamo un\u2019intervista del 17 maggio al Correio Braziliense in cui \u00c1vila spiega che \u00abtutti i partiti di sinistra\u00bb in passato l\u2019avevano corteggiato, ma lui ha rifiutato perch\u00e9 non credeva che fosse la sua strada. \u00abPer\u00f2 di recente, a causa della situazione in Brasile e del peggioramento della costituzione democratica, le persone mi hanno chiesto di dedicarmi a questo compito\u00bb. In poche settimane la situazione \u00e8 crollata e \u00c1vila ha sentito il dovere di candidarsi. Se credeva che la politica non fosse la sua strada, perch\u00e9 nel 2022 \u2013 prima di iniziare coi viaggi della Flotilla \u2013 si \u00e8 candidato alla Camera (non eletto)?<\/p>\n<p><strong>GLI ALTRI PRODIGI <\/strong><br \/>\u00c1vila \u00e8 l\u2019ultima creazione mediatico-politica della sinistra, che da un altro tipo di navi, quelle che trasportavano profughi presunti e qualcuno forse vero, ha preso la comandante tedesca Carola Rackete, speronatrice delle motovedette della Finanza, e l\u2019ha portata all\u2019europarlamento sotto l\u2019ala di The Left, gruppo di cui fa parte il Movimento 5 Stelle. Ilaria Salis era imbarcata in un\u2019altra situazione, sulla terraferma, accusata in Ungheria di aver bighellonato coi signori della \u201cBanda del martello\u201d, amanti della democrazia che spaccano la testa a chi non la pensa come loro.<\/p>\n<p>Ci hanno pensato Bonelli e Fratoianni, ma solo perch\u00e9 il Pd s\u2019\u00e8 mosso in ritardo, a tirarla fuori dai pasticci e portarla in Europa, dove si \u00e8 segnalata per aver detto che \u00e8 giusto occupare le case sfitte e che le carceri vanno abolite. Poi in tiv\u00f9, da ex insegnante, ci ha rivelato che esiste il termine \u201czelanza\u201d. Pure Ilaria ha fatto parte della Flotilla, ma della delegazione che dall\u2019Italia \u00e8 andata in aereo a Cuba (dove ha alloggiato in hotel non proprio alla portata della popolazione locale) a protestare contro l\u2019embargo voluto \u201cdalle destre\u201d anche se l\u2019ha imposto il democratico Kennedy una sessantina d\u2019anni fa.<\/p>\n<p>L\u2019anno prossimo ai portenti della sinistra, chiss\u00e0 se candidata con Avs o coi 5Stelle, potrebbe aggiungersi Francesca Albanese, la non avvocato esperta di Palestina. Pare per\u00f2 che anche Alessandro \u201cDibba\u201d Di Battista, in attesa di decidersi sul mettere in campo o meno il suo partito, la stia corteggiando. Quasi dimenticavamo: \u00c1vila era stato accusato da alcune attiviste di attenzioni troppo ravvicinate. \u00abAbusi sessuali?\u00bb, ha commentato la portavoce italiana della Flotilla, Maria Elena Delia, \u00abqueste accuse sono state portate al vaglio della commissione etica della Global Sumud Flotilla, che \u00e8 esterna, quindi fatta da avvocati esterni alla flotilla stessa (&#8230;) Molto rumore per nulla\u00bb. Non sapevamo che la Flotilla disponesse di una commissione etica e ce ne scusiamo.<\/p>\n","protected":false},"excerpt":{"rendered":"\u00c8 il leader dell\u2019umanitaria Flotilla, che ha usato come un taxi per sbarcare in parlamento. Il brasiliano Thiago&hellip;\n","protected":false},"author":3,"featured_media":583213,"comment_status":"","ping_status":"","sticky":false,"template":"","format":"standard","meta":{"footnotes":"","_share_on_mastodon":"0"},"categories":[160],"tags":[3734,14,164,165,13989,166,7,15,321466,11,167,12,168,161,162,163],"class_list":["post-583212","post","type-post","status-publish","format-standard","has-post-thumbnail","category-mondo","tag-brasile","tag-cronaca","tag-dal-mondo","tag-dalmondo","tag-flotilla","tag-mondo","tag-news","tag-notizie","tag-thiago-avila","tag-ultime-notizie","tag-ultime-notizie-di-mondo","tag-ultimenotizie","tag-ultimenotiziedimondo","tag-world","tag-world-news","tag-worldnews"],"share_on_mastodon":{"url":"","error":""},"_links":{"self":[{"href":"https:\/\/www.europesays.com\/it\/wp-json\/wp\/v2\/posts\/583212","targetHints":{"allow":["GET"]}}],"collection":[{"href":"https:\/\/www.europesays.com\/it\/wp-json\/wp\/v2\/posts"}],"about":[{"href":"https:\/\/www.europesays.com\/it\/wp-json\/wp\/v2\/types\/post"}],"author":[{"embeddable":true,"href":"https:\/\/www.europesays.com\/it\/wp-json\/wp\/v2\/users\/3"}],"replies":[{"embeddable":true,"href":"https:\/\/www.europesays.com\/it\/wp-json\/wp\/v2\/comments?post=583212"}],"version-history":[{"count":0,"href":"https:\/\/www.europesays.com\/it\/wp-json\/wp\/v2\/posts\/583212\/revisions"}],"wp:featuredmedia":[{"embeddable":true,"href":"https:\/\/www.europesays.com\/it\/wp-json\/wp\/v2\/media\/583213"}],"wp:attachment":[{"href":"https:\/\/www.europesays.com\/it\/wp-json\/wp\/v2\/media?parent=583212"}],"wp:term":[{"taxonomy":"category","embeddable":true,"href":"https:\/\/www.europesays.com\/it\/wp-json\/wp\/v2\/categories?post=583212"},{"taxonomy":"post_tag","embeddable":true,"href":"https:\/\/www.europesays.com\/it\/wp-json\/wp\/v2\/tags?post=583212"}],"curies":[{"name":"wp","href":"https:\/\/api.w.org\/{rel}","templated":true}]}}