{"id":583283,"date":"2026-07-13T20:35:12","date_gmt":"2026-07-13T20:35:12","guid":{"rendered":"https:\/\/www.europesays.com\/it\/583283\/"},"modified":"2026-07-13T20:35:12","modified_gmt":"2026-07-13T20:35:12","slug":"video-baggio-sceglie-il-calciatore-piu-forte-di-tutti-i-tempi","status":"publish","type":"post","link":"https:\/\/www.europesays.com\/it\/583283\/","title":{"rendered":"VIDEO Baggio sceglie il calciatore pi\u00f9 forte di tutti i tempi"},"content":{"rendered":"<p>\n                Ronaldo, Rom\u00e1rio, Roberto Carlos, Roberto Baggio, Gabriel Batistuta e Marco Materazzi: una <a href=\"https:\/\/www.youtube.com\/watch?v=HNg_PygSX9Y\" rel=\"nofollow noreferrer noopener\" target=\"_blank\">tavola rotonda<\/a> leggendaria \u00e8 stata ospitata dai canali YouTube brasiliani LUCAS TYLTY,\u00a0Charla Podcast e\u00a0Rede Ronaldo. In uno dei momenti finali, \u00e8 stato chiesto a ciascuno di scegliere il pi\u00f9 grande calciatore di tutti i tempi tra Pel\u00e9, Maradona e Messi. Tutti evitano di esporsi, tranne Romario che sceglie Pel\u00e9, ma quando tocca ai due italiani i pareri sono ben diversi.\n              <\/p>\n","protected":false},"excerpt":{"rendered":"Ronaldo, Rom\u00e1rio, Roberto Carlos, Roberto Baggio, Gabriel Batistuta e Marco Materazzi: una tavola rotonda leggendaria \u00e8 stata ospitata&hellip;\n","protected":false},"author":3,"featured_media":583284,"comment_status":"","ping_status":"","sticky":false,"template":"","format":"standard","meta":{"footnotes":"","_share_on_mastodon":"0"},"categories":[1452],"tags":[8290,721,122,6101,321504,3876,6927,321505,1740,3440,10244,1537,90,89,11997,68149,11830,22505,59,3785,16144,1956,7701,1739,245,244,10022],"class_list":["post-583283","post","type-post","status-publish","format-standard","has-post-thumbnail","category-calcio","tag-baggio","tag-calcio","tag-cose","tag-cristiano","tag-cristiano-cristiano","tag-dico","tag-difficile","tag-difficile-difficile","tag-football","tag-forte","tag-ginocchia","tag-it","tag-italia","tag-italy","tag-maradona","tag-maradona-messi","tag-marziano","tag-materazzi","tag-messi","tag-parlando","tag-pele","tag-ronaldo","tag-scusa","tag-soccer","tag-sport","tag-sports","tag-vedo"],"share_on_mastodon":{"url":"https:\/\/pubeurope.com\/@it\/116914587179715816","error":""},"_links":{"self":[{"href":"https:\/\/www.europesays.com\/it\/wp-json\/wp\/v2\/posts\/583283","targetHints":{"allow":["GET"]}}],"collection":[{"href":"https:\/\/www.europesays.com\/it\/wp-json\/wp\/v2\/posts"}],"about":[{"href":"https:\/\/www.europesays.com\/it\/wp-json\/wp\/v2\/types\/post"}],"author":[{"embeddable":true,"href":"https:\/\/www.europesays.com\/it\/wp-json\/wp\/v2\/users\/3"}],"replies":[{"embeddable":true,"href":"https:\/\/www.europesays.com\/it\/wp-json\/wp\/v2\/comments?post=583283"}],"version-history":[{"count":0,"href":"https:\/\/www.europesays.com\/it\/wp-json\/wp\/v2\/posts\/583283\/revisions"}],"wp:featuredmedia":[{"embeddable":true,"href":"https:\/\/www.europesays.com\/it\/wp-json\/wp\/v2\/media\/583284"}],"wp:attachment":[{"href":"https:\/\/www.europesays.com\/it\/wp-json\/wp\/v2\/media?parent=583283"}],"wp:term":[{"taxonomy":"category","embeddable":true,"href":"https:\/\/www.europesays.com\/it\/wp-json\/wp\/v2\/categories?post=583283"},{"taxonomy":"post_tag","embeddable":true,"href":"https:\/\/www.europesays.com\/it\/wp-json\/wp\/v2\/tags?post=583283"}],"curies":[{"name":"wp","href":"https:\/\/api.w.org\/{rel}","templated":true}]}}