{"id":583309,"date":"2026-07-13T20:57:20","date_gmt":"2026-07-13T20:57:20","guid":{"rendered":"https:\/\/www.europesays.com\/it\/583309\/"},"modified":"2026-07-13T20:57:20","modified_gmt":"2026-07-13T20:57:20","slug":"sinner-restera-n-1-atp-fino-a-fine-anno-ed-e-gia-qualificato-per-le-finals-di-torino","status":"publish","type":"post","link":"https:\/\/www.europesays.com\/it\/583309\/","title":{"rendered":"Sinner rester\u00e0 n.1 Atp fino a fine anno ed \u00e8 gi\u00e0 qualificato per le Finals di Torino"},"content":{"rendered":"<p>    di<br \/>\n    Marco Calabresi<\/p>\n<p class=\"summary-art is-line-h-12\">Jannik nel ranking e nella race (quella che porta alle Finals) ha gi\u00e0 fatto il vuoto<\/p>\n<p class=\"chapter-paragraph\">L&#8217;appuntamento \u00e8 gi\u00e0 a Torino, dal 15 al 22 novembre. Non che ci fossero dubbi, ma <b>Jannik Sinner<\/b> \u00e8 gi\u00e0 aritmeticamente qualificato alle Nitto Atp Finals, dove difender\u00e0 il titolo vinto lo scorso anno su Carlos Alcaraz, che con la sua assenza negli ultimi tre mesi ha spianato la strada a un dominio quasi indisturbato del numero 1 del mondo. <a href=\"https:\/\/www.corriere.it\/sport\/tennis\/26_luglio_13\/sinner-mamma-wimbledon-racconto-809a5708-fbe3-4a16-a07a-c4df539fcxlk.shtml\" title=\"Siglinde, la mamma di Sinner e il tormento durante la finale di Wimbledon: \u00abNon l\u2019ho pi\u00f9 vista, non \u00e8 stato bello\u2026\u00bb\" rel=\"nofollow noopener\" target=\"_blank\">Quasi, perch\u00e9 lo Zverev visto ieri per due set <\/a>\u00e8 stato impressionante, e perch\u00e9 di mezzo ci si \u00e8 messo il crollo a Parigi contro <b>Juan Manuel Cerundolo,<\/b> ma Sinner nel ranking e nella race (quella che porta alle Finals) ha fatto il vuoto.\u00a0<\/p>\n<p class=\"chapter-paragraph\">Nella corsa che parte dal 1\u00b0 gennaio di ogni anno, con i primi otto giocatori che si qualificano per il torneo dei Maestri,<b> Jannik guida con 7.950 punti,<\/b> seguito da Zverev con 6.540 e da Alcaraz fermo a 3.650. Il nono, attualmente Ben Shelton, di punti ne ha 2.030, con un&#8217;impressionante differenza di 5.920 punti.\u00a0    &#13;<br \/>\n&#13;<br \/>\n&#13;<br \/>\n&#13;<br \/>\n&#13;<br \/>\n&#13;<br \/>\n&#13;<br \/>\n&#13;<br \/>\n&#13;<br \/>\n&#13;<br \/>\n&#13;<br \/>\n&#13;<br \/>\n&#13;<br \/>\n&#13;<br \/>\n&#13;<br \/>\n&#13;<br \/>\n&#13;<br \/>\n&#13;<br \/>\n&#13;<br \/>\n&#13;<br \/>\n&#13;<br \/>\n&#13;<br \/>\n&#13;<br \/>\n&#13;<br \/>\n&#13;<br \/>\n&#13;<br \/>\n&#13;<br \/>\n&#13;<br \/>\n&#13;<br \/>\n&#13;<br \/>\n&#13;<br \/>\n&#13;<br \/>\n&#13;<br \/>\n&#13;<br \/>\n&#13;<br \/>\n&#13;<br \/>\n&#13;<br \/>\n&#13;<br \/>\n&#13;<br \/>\n&#13;<br \/>\n&#13;<br \/>\n&#13;<br \/>\n&#13;<br \/>\n&#13;<br \/>\n&#13;<br \/>\n&#13;<br \/>\n&#13;<br \/>\n&#13;<br \/>\n&#13;<br \/>\n&#13;<br \/>\n&#13;<br \/>\n&#13;<br \/>\n&#13;\n<\/p>\n<p class=\"chapter-paragraph\">Poi c&#8217;\u00e8 il ranking, con <b>Sinner<\/b> che trionfando anche ieri all&#8217;All England Club ha confermato i 2.000 punti dello scorso anno, <b>attestandosi a 13.450 punti<\/b>. Zverev, arrivando fino alla finale a Wimbledon dopo aver conquistato 2.000 punti con il suo primo titolo Slam della carriera al Roland Garros, ha sorpassato Alcaraz: Sascha, oggi, di punti ne ha 8.480, ben 4.970 in meno del numero 1, con Alcaraz che lasciando per strada tutti i punti non difesi tra Barcellona, Roma, Parigi e Wimbledon ora \u00e8 a 8.160. Un margine di 5.290 punti tra Sinner e Alcaraz, mai cos\u00ec ampio. Con quasi 5.000 punti di vantaggio sul tedesco, Sinner \u00e8 praticamente certo di chiudere la stagione al primo posto, ma gli obiettivi sono diventati altri, soprattutto uno: in questi giorni di meritato relax, infatti, <b>Jannik<\/b> e il suo team capiranno se andare a caccia dell&#8217;en plein dei Masters 1000 stagionali.\u00a0<\/p>\n<p class=\"chapter-paragraph\">Dopo aver vinto quelli di Indian Wells, Miami, Montecarlo, Roma e Madrid, prima dello <b>US Open<\/b> al via il 30 agosto ce ne sarebbero due ravvicinati, a Montreal (2-12 agosto) e Cincinnati (13-23 agosto). Un anno fa, dopo i Championships, <b>Sinner <\/b>non gioc\u00f2 in Canada e arriv\u00f2 in finale a Cincinnati, prima del malore che lo costrinse al ritiro. Quest&#8217;anno il record \u00e8 un&#8217;occasione ghiotta, ma la salute e la forma fisica contano di pi\u00f9, e a Londra si \u00e8 visto.\u00a0<\/p>\n<p class=\"is-last-update\" datetime=\"2026-07-13T13:47:49+02:00\">13 luglio 2026<\/p>\n<p class=\"is-copyright\">\n            \u00a9 RIPRODUZIONE RISERVATA\n        <\/p>\n","protected":false},"excerpt":{"rendered":"di Marco Calabresi Jannik nel ranking e nella race (quella che porta alle Finals) ha gi\u00e0 fatto il&hellip;\n","protected":false},"author":3,"featured_media":583310,"comment_status":"","ping_status":"","sticky":false,"template":"","format":"standard","meta":{"footnotes":"","_share_on_mastodon":"0"},"categories":[1457],"tags":[2699,1265,7919,391,6191,1426,18576,321507,76308,1537,90,89,1269,1312,1289,98,321508,321509,1292,321510,33198,12715,321511,3420,366,245,244,1273,29523],"class_list":["post-583309","post","type-post","status-publish","format-standard","has-post-thumbnail","category-tennis","tag-agosto","tag-alcaraz","tag-atp","tag-ben","tag-cincinnati","tag-finale","tag-finals","tag-finals-vuoto","tag-impressionante","tag-it","tag-italia","tag-italy","tag-jannik","tag-numero","tag-parigi","tag-porta","tag-porta-finals","tag-porta-finals-vuoto","tag-punti","tag-punti-zverev","tag-qualificato","tag-race","tag-race-porta","tag-ranking","tag-sinner","tag-sport","tag-sports","tag-tennis","tag-zverev"],"share_on_mastodon":{"url":"https:\/\/pubeurope.com\/@it\/116914673772348200","error":""},"_links":{"self":[{"href":"https:\/\/www.europesays.com\/it\/wp-json\/wp\/v2\/posts\/583309","targetHints":{"allow":["GET"]}}],"collection":[{"href":"https:\/\/www.europesays.com\/it\/wp-json\/wp\/v2\/posts"}],"about":[{"href":"https:\/\/www.europesays.com\/it\/wp-json\/wp\/v2\/types\/post"}],"author":[{"embeddable":true,"href":"https:\/\/www.europesays.com\/it\/wp-json\/wp\/v2\/users\/3"}],"replies":[{"embeddable":true,"href":"https:\/\/www.europesays.com\/it\/wp-json\/wp\/v2\/comments?post=583309"}],"version-history":[{"count":0,"href":"https:\/\/www.europesays.com\/it\/wp-json\/wp\/v2\/posts\/583309\/revisions"}],"wp:featuredmedia":[{"embeddable":true,"href":"https:\/\/www.europesays.com\/it\/wp-json\/wp\/v2\/media\/583310"}],"wp:attachment":[{"href":"https:\/\/www.europesays.com\/it\/wp-json\/wp\/v2\/media?parent=583309"}],"wp:term":[{"taxonomy":"category","embeddable":true,"href":"https:\/\/www.europesays.com\/it\/wp-json\/wp\/v2\/categories?post=583309"},{"taxonomy":"post_tag","embeddable":true,"href":"https:\/\/www.europesays.com\/it\/wp-json\/wp\/v2\/tags?post=583309"}],"curies":[{"name":"wp","href":"https:\/\/api.w.org\/{rel}","templated":true}]}}