{"id":583649,"date":"2026-07-14T02:34:21","date_gmt":"2026-07-14T02:34:21","guid":{"rendered":"https:\/\/www.europesays.com\/it\/583649\/"},"modified":"2026-07-14T02:34:21","modified_gmt":"2026-07-14T02:34:21","slug":"carnevali-sul-mercato-della-juventus-kolo-muani-costa-troppo-frattesi-non-ci-serve","status":"publish","type":"post","link":"https:\/\/www.europesays.com\/it\/583649\/","title":{"rendered":"Carnevali sul mercato della Juventus: &#8220;Kolo Muani costa troppo, Frattesi non ci serve&#8221;"},"content":{"rendered":"<p>&#8220;Una delle prime cose che ho\u00a0cercato di fare \u00e8 inserire e\u00a0migliorare quella che era la\u00a0struttura sportiva del club con un nuovo dirigente come\u00a0Ricky\u00a0Massara, persona di grande capacit\u00e0, che andr\u00e0 a lavorare in sinergia con\u00a0Marco Ottolini.\u00a0Poi c&#8217;\u00e8\u00a0Chiellini\u00a0per i rapporti\u00a0istituzionali, lui \u00e8 anche consigliere federale all&#8217;interno della\u00a0Lega. L&#8217;area sportiva \u00e8 stata dunque la base iniziale per\u00a0costruire la Juventus del futuro. Ora andremo a sistemare l&#8217;area\u00a0dello\u00a0scouting, per far s\u00ec che abbia una visione nazionale e internazionale.\u00a0C&#8217;\u00e8 poi un allenatore come\u00a0Spalletti, uno dei migliori in\u00a0assoluto. E questa \u00e8 la cosa pi\u00f9 importante, ci pu\u00f2 dare la\u00a0possibilit\u00e0 di costruire qualcosa di valido con idee vincenti&#8221;<\/p>\n","protected":false},"excerpt":{"rendered":"&#8220;Una delle prime cose che ho\u00a0cercato di fare \u00e8 inserire e\u00a0migliorare quella che era la\u00a0struttura sportiva del club&hellip;\n","protected":false},"author":3,"featured_media":583650,"comment_status":"","ping_status":"","sticky":false,"template":"","format":"standard","meta":{"footnotes":"","_share_on_mastodon":"0"},"categories":[1452],"tags":[721,353,121114,1740,1537,90,89,558,31313,251,1739,245,244,355],"class_list":["post-583649","post","type-post","status-publish","format-standard","has-post-thumbnail","category-calcio","tag-calcio","tag-calciomercato","tag-d-frattesi","tag-football","tag-it","tag-italia","tag-italy","tag-juventus","tag-r-kolo-muani","tag-serie-a","tag-soccer","tag-sport","tag-sports","tag-transfers"],"share_on_mastodon":{"url":"https:\/\/pubeurope.com\/@it\/116915998942725058","error":""},"_links":{"self":[{"href":"https:\/\/www.europesays.com\/it\/wp-json\/wp\/v2\/posts\/583649","targetHints":{"allow":["GET"]}}],"collection":[{"href":"https:\/\/www.europesays.com\/it\/wp-json\/wp\/v2\/posts"}],"about":[{"href":"https:\/\/www.europesays.com\/it\/wp-json\/wp\/v2\/types\/post"}],"author":[{"embeddable":true,"href":"https:\/\/www.europesays.com\/it\/wp-json\/wp\/v2\/users\/3"}],"replies":[{"embeddable":true,"href":"https:\/\/www.europesays.com\/it\/wp-json\/wp\/v2\/comments?post=583649"}],"version-history":[{"count":0,"href":"https:\/\/www.europesays.com\/it\/wp-json\/wp\/v2\/posts\/583649\/revisions"}],"wp:featuredmedia":[{"embeddable":true,"href":"https:\/\/www.europesays.com\/it\/wp-json\/wp\/v2\/media\/583650"}],"wp:attachment":[{"href":"https:\/\/www.europesays.com\/it\/wp-json\/wp\/v2\/media?parent=583649"}],"wp:term":[{"taxonomy":"category","embeddable":true,"href":"https:\/\/www.europesays.com\/it\/wp-json\/wp\/v2\/categories?post=583649"},{"taxonomy":"post_tag","embeddable":true,"href":"https:\/\/www.europesays.com\/it\/wp-json\/wp\/v2\/tags?post=583649"}],"curies":[{"name":"wp","href":"https:\/\/api.w.org\/{rel}","templated":true}]}}