{"id":583739,"date":"2026-07-14T04:26:18","date_gmt":"2026-07-14T04:26:18","guid":{"rendered":"https:\/\/www.europesays.com\/it\/583739\/"},"modified":"2026-07-14T04:26:18","modified_gmt":"2026-07-14T04:26:18","slug":"inter-inizia-lera-di-josep-martinez-in-porta","status":"publish","type":"post","link":"https:\/\/www.europesays.com\/it\/583739\/","title":{"rendered":"Inter, inizia l&#8217;era di Josep Martinez in porta"},"content":{"rendered":"<p>                                Chivu e la societ\u00e0 hanno puntato sullo spagnolo per il dopo Sommer. Dietro di lui c&#8217;\u00e8 Provedel, 32 anni, che tra Spezia e Lazio non ha mai fatto il secondo<\/p>\n<p class=\"paragraph\" spellcheck=\"true\">Il volo di rientro da Alzira, il suo rifugio da sempre, stavolta \u00e8 stato pi\u00f9 sereno, per certi versi tranquillo. Di quelli in cui guardi fuori dal finestrino per immaginare quello che sar\u00e0. Josep Martinez si appresta a vivere il suo primo ritiro interista da portiere titolare. Chivu, in concorso coi piani alti, ha scelto di puntare su di lui per il dopo Sommer, affiancandogli Ivan Provedel come secondo. Uno che in vita sua ha sempre fatto il primo, dallo Spezia alla Lazio, infilando persino un gol di testa in Champions e un altro in Serie B. Tradotto: parte dietro, ma se la giocher\u00e0.<\/p>\n<p>        inizia l&#8217;era martinez\u2014 \u00a0<\/p>\n<p class=\"paragraph\" spellcheck=\"true\">Il titolare sar\u00e0 Martinez, preso dal Genoa nel 2024 per una quindicina di milioni bonus compresi. Nelle ultime due stagioni ha giocato 21 partite tra campionato e coppe e incassato 16 gol. Ha messo le mani &#8211; anzi, il volto\u2026 &#8211; sulla Coppa Italia vinta in finale contro la Lazio, murando Dia nel secondo. Il \u201cportiere di coppa\u201d \u00e8 diventato il titolare. Il tutto dopo una stagione complessa sul piano personale. Argomento spinoso, difficile da affrontare, perch\u00e9 coinvolge due famiglie: quella di Josep, rimasto comprensibilmente scioccato dall\u2019incidente e tuttora indagato per omicidio stradale, e quella di Paolo Saibene, l\u2019ottantunenne investito dallo spagnolo mentre si stava spostando a bordo strada con la sua carrozzina elettrica. Subito dopo l\u2019incidente, avvenuto sulla strada per Appiano il 28 ottobre 2025, la societ\u00e0 gli ha affidato uno psicologo per parlo parlare, sfogare, perch\u00e9 da un momento cos\u00ec non ci si pu\u00f2 riprendere in fretta. Lui, inizialmente scioccato, s\u2019\u00e8 ripreso col lavoro quotidiano e la vicinanza da parte dei compagni, dello staff e ovviamente anche di Chivu, che l\u2019ha difeso in pi\u00f9 di un\u2019occasione.<\/p>\n<p><a class=\"is-partner-link\" href=\"https:\/\/abbonamenti.gazzetta.it\/de-promo-mondiali\/?pwcmp=cta&amp;forceBrowser=true\" rel=\"nofollow noopener\" target=\"_blank\">Gazzetta Mondiale: ogni notte un\u2019edizione straordinaria esclusiva. Non perdertela, abbonati a 1\u20ac\/mese!<\/a><\/p>\n<p>        provedel secondo\u2014 \u00a0<\/p>\n<p class=\"paragraph\" spellcheck=\"true\">Martinez \u00e8 andato avanti. Il lavoro gli ha regalato uno scudetto vinto da secondo e una Coppa Italia conquistata da titolare. Ora dovr\u00e0 difendere i pali. Salutato Sommer, l\u2019Inter ha puntato su Ivan Provedel, 32 anni, il portiere \u201cgoleador\u201d. Il 7 febbraio 2020, poco prima che la pandemia fermasse il mondo, pun\u00ec l\u2019Ascoli al Del Duca con la maglia della Juve Stabia. S\u2019\u00e8 ripetuto tre anni dopo, il 19 settembre 2023, infilando l\u2019Atletico all\u2019ultimo minuto con un inserimento da attaccante. Il ruolo in cui si divertiva da ragazzino, prima del cambio che gli ha svoltato la vita. Al Picco lo chiamavano \u201cil guardiano del faro\u201d. \u201cCerco di fare pi\u00f9 luce possibile, di fermare quello che si riesce a fermare\u201d. All&#8217;Inter partir\u00e0 dalle retrovie.<\/p>\n<p class=\"is-copyright\">\u00a9 RIPRODUZIONE RISERVATA<\/p>\n","protected":false},"excerpt":{"rendered":"Chivu e la societ\u00e0 hanno puntato sullo spagnolo per il dopo Sommer. Dietro di lui c&#8217;\u00e8 Provedel, 32&hellip;\n","protected":false},"author":3,"featured_media":455562,"comment_status":"","ping_status":"","sticky":false,"template":"","format":"standard","meta":{"footnotes":"","_share_on_mastodon":"0"},"categories":[1452],"tags":[721,2839,4297,5006,14699,1740,1976,298,66871,8956,321690,350,1537,90,89,21539,60212,27094,5188,35788,2855,21454,321691,321692,113451,283263,1739,1359,33586,3665,31425,245,244,26462],"class_list":["post-583739","post","type-post","status-publish","format-standard","has-post-thumbnail","category-calcio","tag-calcio","tag-chivu","tag-coppa","tag-coppa-italia","tag-fermare","tag-football","tag-gol","tag-incidente","tag-infilando","tag-inizia","tag-inizia-martinez","tag-inter","tag-it","tag-italia","tag-italy","tag-ivan","tag-ivan-provedel","tag-josep","tag-lazio","tag-martinez","tag-portiere","tag-provedel","tag-provedel-spezia","tag-provedel-spezia-lazio","tag-puntato","tag-scioccato","tag-soccer","tag-societa","tag-sommer","tag-spagnolo","tag-spezia","tag-sport","tag-sports","tag-titolare"],"share_on_mastodon":{"url":"https:\/\/pubeurope.com\/@it\/116916439298799602","error":""},"_links":{"self":[{"href":"https:\/\/www.europesays.com\/it\/wp-json\/wp\/v2\/posts\/583739","targetHints":{"allow":["GET"]}}],"collection":[{"href":"https:\/\/www.europesays.com\/it\/wp-json\/wp\/v2\/posts"}],"about":[{"href":"https:\/\/www.europesays.com\/it\/wp-json\/wp\/v2\/types\/post"}],"author":[{"embeddable":true,"href":"https:\/\/www.europesays.com\/it\/wp-json\/wp\/v2\/users\/3"}],"replies":[{"embeddable":true,"href":"https:\/\/www.europesays.com\/it\/wp-json\/wp\/v2\/comments?post=583739"}],"version-history":[{"count":0,"href":"https:\/\/www.europesays.com\/it\/wp-json\/wp\/v2\/posts\/583739\/revisions"}],"wp:featuredmedia":[{"embeddable":true,"href":"https:\/\/www.europesays.com\/it\/wp-json\/wp\/v2\/media\/455562"}],"wp:attachment":[{"href":"https:\/\/www.europesays.com\/it\/wp-json\/wp\/v2\/media?parent=583739"}],"wp:term":[{"taxonomy":"category","embeddable":true,"href":"https:\/\/www.europesays.com\/it\/wp-json\/wp\/v2\/categories?post=583739"},{"taxonomy":"post_tag","embeddable":true,"href":"https:\/\/www.europesays.com\/it\/wp-json\/wp\/v2\/tags?post=583739"}],"curies":[{"name":"wp","href":"https:\/\/api.w.org\/{rel}","templated":true}]}}