{"id":583771,"date":"2026-07-14T05:00:14","date_gmt":"2026-07-14T05:00:14","guid":{"rendered":"https:\/\/www.europesays.com\/it\/583771\/"},"modified":"2026-07-14T05:00:14","modified_gmt":"2026-07-14T05:00:14","slug":"ballando-sotto-le-stelle-tra-nostalgia-e-nuove-tendenze","status":"publish","type":"post","link":"https:\/\/www.europesays.com\/it\/583771\/","title":{"rendered":"\u201cBallando sotto le stelle\u201c. Tra nostalgia e nuove tendenze"},"content":{"rendered":"<p><strong>LUCCA<\/strong> Sempre pi\u00f9 giovani scelgono le <strong>sagre<\/strong> come luogo di ritrovo per le serate estive. Perch\u00e9 una cena su un tavolo da picnic all\u2019aria aperta, due chiacchiere tra amici e l\u2019atmosfera da festa di paese continuano ad avere un fascino tutto particolare. Dopo cena si pu\u00f2 ripartire verso altri locali oppure rimanere l\u00ec, a ballare sotto le stelle. Ieri, a Palazzo Orsetti, \u00e8 stato presentato il <strong>Festival della Musica<\/strong> che accompagner\u00e0 la 49\u00b0 edizione della <strong>Sagra della Zuppa<\/strong>. L\u2019appuntamento \u00e8 fissato per il 31 luglio e l\u20191, 2, 7, 8 e 9 agosto. Quest\u2019anno la manifestazione festeggia anche un importante traguardo: l\u2019ingresso nel registro <strong>De.Co.<\/strong> (Denominazione Comunale d\u2019Origine). &#8220;Puntiamo molto sulla produzione locale e questo riconoscimento, ottenuto sia per la Sagra della Zuppa sia per la Zuppa di Aquilea, oltre che per le torte di verdura, ci permette di valorizzare ancora di pi\u00f9 il nostro prodotto e tutte le materie prime che lo compongono&#8221;, ha spiegato Stefano Battistini, vicepresidente del comitato promotore della sagra. Insieme a lui, presenti alla conferenza di ieri anche gli assessori Fabio Barsanti e Paola Granucci. I &#8220;Questo \u00e8 un esempio concreto di come la Denominazione Comunale d\u2019Origine possa contribuire alla promozione delle manifestazioni e dei prodotti del territorio&#8221;, ha sottolineato Granucci. Se la cucina resta il cuore della manifestazione, negli ultimi anni la musica \u00e8 diventata l\u2019altro grande richiamo della festa. &#8220;<strong>Lucca<\/strong> \u00e8 una citt\u00e0 fortemente caratterizzata dalle sagre presenti nelle sue frazioni e Aquilea \u00e8 certamente una delle realt\u00e0 pi\u00f9 significative, soprattutto da quando \u00e8 nato il Festival della Musica, una scelta che ha portato nuova vitalit\u00e0 al paese.&#8221; ha evidenziato Barsanti. Il programma, distribuito su due weekend, \u00e8 pensato per coinvolgere tutte le generazioni. Si parte venerd\u00ec 31 luglio con Radio Lucca XL e un viaggio tra le hit dance, pop e rock dagli anni Ottanta ai Duemila guidato da Antonio Pocai e Marco Maffei. Sabato 1 agosto salir\u00e0 in console DJ Torelli, mentre domenica 2 agosto sar\u00e0 la volta di DJ Nexa con una selezione house. Il festival riprender\u00e0 venerd\u00ec 7 agosto con Radio Mitology e Fabio Lenzi, dj e produttore con oltre trentacinque anni di carriera. Sabato 8 agosto torner\u00e0 DJ Torelli, mentre domenica 9 agosto il gran finale sar\u00e0 affidato al Golden Memory della DJFT Family, che chiuder\u00e0 con un momento speciale dedicato a Riccardo Cioni.<\/p>\n<p>Silvia Barsotti<\/p>\n","protected":false},"excerpt":{"rendered":"LUCCA Sempre pi\u00f9 giovani scelgono le sagre come luogo di ritrovo per le serate estive. Perch\u00e9 una cena&hellip;\n","protected":false},"author":3,"featured_media":583772,"comment_status":"","ping_status":"","sticky":false,"template":"","format":"standard","meta":{"footnotes":"","_share_on_mastodon":"0"},"categories":[1444],"tags":[2370,203,204,1537,90,89,41963,2508,2369,16915,253],"class_list":["post-583771","post","type-post","status-publish","format-standard","has-post-thumbnail","category-tv","tag-ballando","tag-entertainment","tag-intrattenimento","tag-it","tag-italia","tag-italy","tag-nostalgia","tag-nuove","tag-stelle","tag-tendenze","tag-tv"],"share_on_mastodon":{"url":"","error":""},"_links":{"self":[{"href":"https:\/\/www.europesays.com\/it\/wp-json\/wp\/v2\/posts\/583771","targetHints":{"allow":["GET"]}}],"collection":[{"href":"https:\/\/www.europesays.com\/it\/wp-json\/wp\/v2\/posts"}],"about":[{"href":"https:\/\/www.europesays.com\/it\/wp-json\/wp\/v2\/types\/post"}],"author":[{"embeddable":true,"href":"https:\/\/www.europesays.com\/it\/wp-json\/wp\/v2\/users\/3"}],"replies":[{"embeddable":true,"href":"https:\/\/www.europesays.com\/it\/wp-json\/wp\/v2\/comments?post=583771"}],"version-history":[{"count":0,"href":"https:\/\/www.europesays.com\/it\/wp-json\/wp\/v2\/posts\/583771\/revisions"}],"wp:featuredmedia":[{"embeddable":true,"href":"https:\/\/www.europesays.com\/it\/wp-json\/wp\/v2\/media\/583772"}],"wp:attachment":[{"href":"https:\/\/www.europesays.com\/it\/wp-json\/wp\/v2\/media?parent=583771"}],"wp:term":[{"taxonomy":"category","embeddable":true,"href":"https:\/\/www.europesays.com\/it\/wp-json\/wp\/v2\/categories?post=583771"},{"taxonomy":"post_tag","embeddable":true,"href":"https:\/\/www.europesays.com\/it\/wp-json\/wp\/v2\/tags?post=583771"}],"curies":[{"name":"wp","href":"https:\/\/api.w.org\/{rel}","templated":true}]}}