{"id":583882,"date":"2026-07-14T06:40:21","date_gmt":"2026-07-14T06:40:21","guid":{"rendered":"https:\/\/www.europesays.com\/it\/583882\/"},"modified":"2026-07-14T06:40:21","modified_gmt":"2026-07-14T06:40:21","slug":"varese-minigolf-nella-buca-nera","status":"publish","type":"post","link":"https:\/\/www.europesays.com\/it\/583882\/","title":{"rendered":"Varese, minigolf nella &#8220;buca nera&#8221;"},"content":{"rendered":"<p>Secondo alcuni la <strong>buca pi\u00f9 difficile<\/strong> era la <strong>7<\/strong>. Per altri, la <strong>9<\/strong>. Ma <strong>tutte e 18<\/strong> richiedevano precisione, colpi ben dosati.<\/p>\n<p>\u00c8 da nostalgici parlare del <strong>minigolf di Varese<\/strong>, nell\u2019area bassa dei <strong>Giardini Estensi<\/strong>, quella che si affaccia sul ring di <strong>via Copelli<\/strong>.<\/p>\n<p><img loading=\"lazy\" decoding=\"async\" src=\"https:\/\/www.europesays.com\/it\/wp-content\/uploads\/2026\/07\/IMG_20260713_123115-1783959563388.jpg\" alt=\"\" width=\"1920\" height=\"1440\"\/><\/p>\n<p>L\u2019impianto, con annesso grande bar, \u00e8 <strong>chiuso da 4 anni<\/strong> e avvolto nel degrado. Una ferita aperta nel cuore della citt\u00e0.<\/p>\n<p>Eppure da l\u00ec sono passate almeno due generazioni. Chi per giocare con mazza e palline, chi per sorseggiare un drink al bar (era inoltre il ritrovo mattutino, detto sottovoce, delle bigiate da scuola).<\/p>\n<p>    <a href=\"https:\/\/www.prealpina.it\/news\/cronaca\/298993\/varese-minigolf-e-tennis-in-cerca-di-gestore.html?utm_source=VCMS_correlati\" class=\"vc_cont_image\" rel=\"nofollow noopener\" target=\"_blank\"><img decoding=\"async\" class=\"vc_image\" src=\"https:\/\/www.europesays.com\/it\/wp-content\/uploads\/2026\/07\/GN4_DAT_36087667.jpg--.jpg\"\/><\/a><\/p>\n<p>Piange il cuore vederlo cos\u00ec. Immobile, disarmato. Con piante ora secche a contornare i vialetti.<\/p>\n<p><img loading=\"lazy\" decoding=\"async\" src=\"https:\/\/www.europesays.com\/it\/wp-content\/uploads\/2026\/07\/IMG_20260713_123410-1783959597152.jpg\" alt=\"\" width=\"1920\" height=\"1440\"\/><\/p>\n<p><strong>Chi ha sbagliato il colpo?<\/strong><\/p>\n<p>\u201cPer colpa di chi?\u201d \u00e8 la domanda ricorrente, visto che \u00e8 di propriet\u00e0 del <strong>Comune<\/strong>.<\/p>\n<p>Un passo indietro. Il minigolf e il bar vanno verso i <strong>cinquant\u2019anni di vita<\/strong>; a lungo sono stati gestiti da una famiglia, poi \u00e8 subentrata la <strong>Pro loco Varese<\/strong>. Scaduta la concessione, nel <strong>2022<\/strong>, Palazzo Estense ha cercato di riassegnarla, aprendo due bandi che chiedevano la ristrutturazione da scomputare poi nel tempo come spesa dal canone di locazione. Sono andati <strong>deserti<\/strong>.<\/p>\n<p>E qui la prima domanda: e se ci pensasse il <strong>Comune<\/strong> a sistemare tutto offrendolo poi, <strong>chiavi in mano<\/strong>, a chi vuole scommettere su queste attivit\u00e0?<\/p>\n<p>La giunta, guidata dal <strong>sindaco Davide Galimberti<\/strong>, qualche mese fa ha ribadito la volont\u00e0 di dare una svolta al caso minigolf, ventilando l\u2019ipotesi di affiancare il <strong>Terzo settore<\/strong>, ovvero unire l\u2019aspetto d\u2019impresa a quello sociale. Idea vincente? Si vedr\u00e0. Da capire, innanzitutto, se e cosa bolle in pentola.<\/p>\n<p>Leggi l&#8217;articolo completo sulla Prealpina di marted\u00ec 14 luglio<\/p>\n","protected":false},"excerpt":{"rendered":"Secondo alcuni la buca pi\u00f9 difficile era la 7. Per altri, la 9. Ma tutte e 18 richiedevano&hellip;\n","protected":false},"author":3,"featured_media":583883,"comment_status":"","ping_status":"","sticky":false,"template":"","format":"standard","meta":{"footnotes":"","_share_on_mastodon":"0"},"categories":[1475],"tags":[37435,58436,58437,1933,1537,90,89,53054,321729,9784,321730,245,244,30924,4103,321731],"class_list":["post-583882","post","type-post","status-publish","format-standard","has-post-thumbnail","category-golf","tag-comune-di-varese","tag-davide-galimberti","tag-giardini-estensi","tag-golf","tag-it","tag-italia","tag-italy","tag-minigolf","tag-palazzo-estense","tag-prealpina","tag-pro-loco-varese","tag-sport","tag-sports","tag-terzo-settore","tag-varese","tag-via-copelli"],"share_on_mastodon":{"url":"https:\/\/pubeurope.com\/@it\/116916967132294249","error":""},"_links":{"self":[{"href":"https:\/\/www.europesays.com\/it\/wp-json\/wp\/v2\/posts\/583882","targetHints":{"allow":["GET"]}}],"collection":[{"href":"https:\/\/www.europesays.com\/it\/wp-json\/wp\/v2\/posts"}],"about":[{"href":"https:\/\/www.europesays.com\/it\/wp-json\/wp\/v2\/types\/post"}],"author":[{"embeddable":true,"href":"https:\/\/www.europesays.com\/it\/wp-json\/wp\/v2\/users\/3"}],"replies":[{"embeddable":true,"href":"https:\/\/www.europesays.com\/it\/wp-json\/wp\/v2\/comments?post=583882"}],"version-history":[{"count":0,"href":"https:\/\/www.europesays.com\/it\/wp-json\/wp\/v2\/posts\/583882\/revisions"}],"wp:featuredmedia":[{"embeddable":true,"href":"https:\/\/www.europesays.com\/it\/wp-json\/wp\/v2\/media\/583883"}],"wp:attachment":[{"href":"https:\/\/www.europesays.com\/it\/wp-json\/wp\/v2\/media?parent=583882"}],"wp:term":[{"taxonomy":"category","embeddable":true,"href":"https:\/\/www.europesays.com\/it\/wp-json\/wp\/v2\/categories?post=583882"},{"taxonomy":"post_tag","embeddable":true,"href":"https:\/\/www.europesays.com\/it\/wp-json\/wp\/v2\/tags?post=583882"}],"curies":[{"name":"wp","href":"https:\/\/api.w.org\/{rel}","templated":true}]}}