{"id":58399,"date":"2025-08-20T14:48:11","date_gmt":"2025-08-20T14:48:11","guid":{"rendered":"https:\/\/www.europesays.com\/it\/58399\/"},"modified":"2025-08-20T14:48:11","modified_gmt":"2025-08-20T14:48:11","slug":"il-gruppo-pediatrico-statunitense-si-discosta-dalla-politica-federale-e-raccomanda-il-vaccino-covid-per-i-bambini-piccoli","status":"publish","type":"post","link":"https:\/\/www.europesays.com\/it\/58399\/","title":{"rendered":"Il gruppo pediatrico statunitense si discosta dalla politica federale e raccomanda il vaccino COVID per i bambini piccoli"},"content":{"rendered":"<p>L&#8217;American Academy of Pediatrics (AAP) ha raccomandato marted\u00ec che tutti i bambini piccoli vengano vaccinati contro il COVID-19, prendendo una posizione diversa rispetto alla politica federale che non suggerisce pi\u00f9 la vaccinazione di routine per i bambini sani.<\/p>\n<p>Nel suo ultimo documento di indirizzo, l&#8217;AAP ha dichiarato che tutti i bambini tra i 6 e i 23 mesi dovrebbero ricevere una dose di vaccino contro il COVID-19, indipendentemente dal numero di dosi precedenti o da eventuali infezioni da SARS-CoV-2. L&#8217;associazione consiglia inoltre la vaccinazione per i bambini pi\u00f9 grandi appartenenti a determinati gruppi a rischio.<\/p>\n<p>Le raccomandazioni dell&#8217;AAP si discostano da quelle dei Centers for Disease Control and Prevention (CDC) degli Stati Uniti, che a maggio hanno affermato che i bambini sani possono ricevere il vaccino solo se genitori e medici concordano sulla necessit\u00e0.<\/p>\n<p>L&#8217;AAP ha sottolineato che la decisione clinica condivisa, che coinvolge genitori e medici, pu\u00f2 essere difficile da applicare poich\u00e9 manca di indicazioni chiare e non sottolinea l&#8217;importanza di vaccinare i soggetti ad alto rischio.<\/p>\n<p>\u00abInvitiamo l&#8217;AAP a rafforzare le salvaguardie contro i conflitti di interesse e a mantenere le sue pubblicazioni libere da influenze finanziarie\u00bb, ha dichiarato marted\u00ec il Dipartimento della Salute e dei Servizi Umani degli Stati Uniti.<\/p>\n<p>In un post sulla piattaforma social X, il Segretario alla Salute Robert F. Kennedy Jr. ha aggiunto che l&#8217;AAP dovrebbe anche informare i medici che le raccomandazioni non allineate alla lista ufficiale dei vaccini del CDC non sono coperte dal Vaccine Injury Act del 1986, che tutela produttori e operatori sanitari da eventuali cause legali.<\/p>\n<p>Prima di queste nuove linee guida, il CDC raccomandava regolarmente i vaccini COVID aggiornati per tutti dai sei mesi in su, seguendo il parere del proprio gruppo di esperti esterni.<\/p>\n<p>All&#8217;inizio di luglio, l&#8217;AAP e altre importanti associazioni mediche hanno citato in giudizio il Segretario Kennedy Jr. per aver rimosso unilateralmente le raccomandazioni sulla vaccinazione di routine.<\/p>\n<p>Secondo l&#8217;AAP, citando dati dei CDC, il tasso di ospedalizzazione per COVID-19 tra i bambini sotto i 2 anni \u00e8 il pi\u00f9 alto tra le fasce pediatriche, e per i bambini tra i 6 e i 23 mesi \u00e8 paragonabile a quello delle persone tra i 50 e i 64 anni.<\/p>\n","protected":false},"excerpt":{"rendered":"L&#8217;American Academy of Pediatrics (AAP) ha raccomandato marted\u00ec che tutti i bambini piccoli vengano vaccinati contro il COVID-19,&hellip;\n","protected":false},"author":3,"featured_media":58400,"comment_status":"","ping_status":"","sticky":false,"template":"","format":"standard","meta":{"footnotes":""},"categories":[1512],"tags":[239,1537,90,89,3716,240,2189,2188,2187],"class_list":{"0":"post-58399","1":"post","2":"type-post","3":"status-publish","4":"format-standard","5":"has-post-thumbnail","7":"category-vaccini","8":"tag-health","9":"tag-it","10":"tag-italia","11":"tag-italy","12":"tag-mercati","13":"tag-salute","14":"tag-vaccine","15":"tag-vaccines","16":"tag-vaccini"},"share_on_mastodon":{"url":"","error":""},"_links":{"self":[{"href":"https:\/\/www.europesays.com\/it\/wp-json\/wp\/v2\/posts\/58399","targetHints":{"allow":["GET"]}}],"collection":[{"href":"https:\/\/www.europesays.com\/it\/wp-json\/wp\/v2\/posts"}],"about":[{"href":"https:\/\/www.europesays.com\/it\/wp-json\/wp\/v2\/types\/post"}],"author":[{"embeddable":true,"href":"https:\/\/www.europesays.com\/it\/wp-json\/wp\/v2\/users\/3"}],"replies":[{"embeddable":true,"href":"https:\/\/www.europesays.com\/it\/wp-json\/wp\/v2\/comments?post=58399"}],"version-history":[{"count":0,"href":"https:\/\/www.europesays.com\/it\/wp-json\/wp\/v2\/posts\/58399\/revisions"}],"wp:featuredmedia":[{"embeddable":true,"href":"https:\/\/www.europesays.com\/it\/wp-json\/wp\/v2\/media\/58400"}],"wp:attachment":[{"href":"https:\/\/www.europesays.com\/it\/wp-json\/wp\/v2\/media?parent=58399"}],"wp:term":[{"taxonomy":"category","embeddable":true,"href":"https:\/\/www.europesays.com\/it\/wp-json\/wp\/v2\/categories?post=58399"},{"taxonomy":"post_tag","embeddable":true,"href":"https:\/\/www.europesays.com\/it\/wp-json\/wp\/v2\/tags?post=58399"}],"curies":[{"name":"wp","href":"https:\/\/api.w.org\/{rel}","templated":true}]}}