{"id":583995,"date":"2026-07-14T08:32:18","date_gmt":"2026-07-14T08:32:18","guid":{"rendered":"https:\/\/www.europesays.com\/it\/583995\/"},"modified":"2026-07-14T08:32:18","modified_gmt":"2026-07-14T08:32:18","slug":"infortunio-alcaraz-carlos-punta-a-rientrare-agli-us-open","status":"publish","type":"post","link":"https:\/\/www.europesays.com\/it\/583995\/","title":{"rendered":"Infortunio Alcaraz: Carlos punta a rientrare agli Us Open"},"content":{"rendered":"<p>                                Carlos ha rinunciato a Montreal per l\u2019infortunio al polso destro: gli resta Cincinnati prima dello US Open. Jannik lo aspetta: &#8220;Il tennis ha bisogno di lui&#8221;<\/p>\n<p>            <a class=\"image is-50x50\" href=\"https:\/\/www.gazzetta.it\/redazione\/marco-iaria\/\" rel=\"nofollow noopener\" target=\"_blank\"><br \/>\n                <img decoding=\"async\" class=\"is-rounded\" src=\"https:\/\/www.europesays.com\/it\/wp-content\/uploads\/2025\/10\/marco_iaria_avatar.png\" alt=\"Marco Iaria\"\/><br \/>\n            <\/a><\/p>\n<p>Giornalista<\/p>\n<p>                    14 luglio &#8211; 09:30  &#8211; MILANO<\/p>\n<p class=\"paragraph\" spellcheck=\"true\">Nella saga \u201cSincaraz\u201d non aspettatevi colpi bassi n\u00e9 scortesie. Solo rispetto e fair play. Cos\u00ec, quando Sinner si laurea campione di Wimbledon per la seconda volta, Alcaraz si affretta a postare il video di Jannik con il trofeo in mano: &#8220;Congratulations Jannik and team! Enjoy the moment&#8221;. E Jannik, nella conferenza stampa dopo il trionfo: &#8220;Speriamo che torni presto, perch\u00e9 il tennis ha bisogno di lui&#8221;. Carlos era il grande assente a Londra. E proprio gli ascolti tv di domenica ci hanno ricordato quanto sia unica, speciale e inimitabile la rivalit\u00e0 che manca dagli schermi dallo scorso aprile. Intendiamoci, Sinner-Zverev ha registrato ascolti sontuosi: 4,2 milioni di telespettatori con il 33,8% di share tra Tv8 e Sky. Un anno fa, per\u00f2, sugli stessi canali e nella stessa collocazione oraria, la finale di Wimbledon tra l\u2019italiano e lo spagnolo aveva catturato 5,7 milioni di spettatori, con il 40,4% di share. E qual \u00e8 il match di tennis pi\u00f9 visto in assoluto in Italia? L\u2019atto conclusivo delle Atp Finals 2025, guarda caso tra Sinner e Alcaraz, con un\u2019audience di 7 milioni di spettatori tra Rai 2 e Sky.<\/p>\n<p>        rivalit\u00e0\u2014 \u00a0<\/p>\n<p class=\"paragraph\" spellcheck=\"true\">Non giriamoci attorno: siamo tutti orfani della saga \u201cSincaraz\u201d, con buona pace di chi riteneva noioso lo svolgimento, fino alla finale, di qualsiasi torneo a cui partecipassero entrambi. Sinner-Alcaraz \u00e8 come il Super Bowl, la finale di Champions o il Clasico. Nel tour manca soprattutto il confronto tra le personalit\u00e0 e gli stili dei due duellanti di questa epoca. Jannik e Carlos si completano, in un continuo esercizio di perfezionamento alla ricerca di nuovi limiti tecnici, atletici e psicologici. La domanda che tutti gli appassionati si pongono, come davanti a una serie tv, \u00e8 una sola: quando andr\u00e0 in onda la prossima stagione? Bella domanda. Alcaraz si \u00e8 infortunato ad aprile, a Barcellona, riportando un\u2019infiammazione ai tendini del polso destro. Una zona particolarmente delicata: Del Potro e Thiem hanno penato per tutta la carriera. Proprio per evitare guai pi\u00f9 seri, i medici hanno consigliato a Carlos la massima prudenza. La road map prevede ora il rientro nella trasferta americana. Di certo Alcaraz ha gi\u00e0 rinunciato al Masters 1000 di Montreal. Gli resta Cincinnati (13-23 agosto) prima dello Us Open, al via il 30 agosto. Il giocatore ha documentato questa lunga fase di riabilitazione sui propri canali social. A fine giugno ha mostrato i primi allenamenti in cui impugnava la racchetta con la mano destra e colpiva delicatamente la pallina sul campo indoor della sua accademia di Murcia. Qualche giorno fa \u00e8 arrivato un nuovo aggiornamento: un video in cui utilizza una racchetta senza corde e con il telaio parzialmente incompleto per ritrovare le giuste sensazioni nei colpi, accompagnato da un messaggio improntato all\u2019ottimismo: &#8220;Sulla buona strada&#8221;.<\/p>\n<p>        sensazioni\u2014 \u00a0<\/p>\n<p class=\"paragraph\" spellcheck=\"true\">Gli addetti ai lavori restano perplessi. Greg Rusedski, ex numero 4 del mondo e coach di Mpetshi Perricard, ha osservato: &#8220;Sarei molto sorpreso se giocasse allo Us Open, perch\u00e9 quello che ho notato nel video \u00e8 che colpisce la palla con poca forza, quasi senza colpirla&#8221;. I media spagnoli, invece, la pensano diversamente. Il piano prevede nei prossimi giorni l\u2019inizio di sedute sempre pi\u00f9 intense, con l\u2019obiettivo di rientrare nel circuito tra circa un mese. Viene citato il precedente di Rafa Nadal, che sub\u00ec lo stesso tipo di infortunio nel 2016 e, dopo il rientro, vinse due Slam tornando numero 1 del mondo. C\u2019\u00e8 per\u00f2 una differenza: in quel caso lo stop dur\u00f2 sette mesi.<\/p>\n<p class=\"is-copyright\">\u00a9 RIPRODUZIONE RISERVATA<\/p>\n","protected":false},"excerpt":{"rendered":"Carlos ha rinunciato a Montreal per l\u2019infortunio al polso destro: gli resta Cincinnati prima dello US Open. Jannik&hellip;\n","protected":false},"author":3,"featured_media":583996,"comment_status":"","ping_status":"","sticky":false,"template":"","format":"standard","meta":{"footnotes":"","_share_on_mastodon":"0"},"categories":[1457],"tags":[2699,1265,3587,15066,37,6090,1500,3363,6191,2023,3257,2341,1426,2885,1537,90,89,1269,4964,962,7589,1312,2006,16419,276153,2440,1919,1434,321799,3674,65275,1271,8335,266770,6786,35587,149266,366,18118,245,244,1273,7379,6665,2392],"class_list":["post-583995","post","type-post","status-publish","format-standard","has-post-thumbnail","category-tennis","tag-agosto","tag-alcaraz","tag-aprile","tag-ascolti","tag-bisogno","tag-buona","tag-canali","tag-carlos","tag-cincinnati","tag-colpi","tag-destro","tag-domanda","tag-finale","tag-infortunio","tag-it","tag-italia","tag-italy","tag-jannik","tag-manca","tag-mano","tag-montreal","tag-numero","tag-open","tag-polso","tag-polso-destro","tag-prevede","tag-racchetta","tag-resta","tag-resta-cincinnati","tag-rientro","tag-rinunciato","tag-rivalita","tag-saga","tag-saga-sincaraz","tag-sensazioni","tag-share","tag-sincaraz","tag-sinner","tag-sinner-alcaraz","tag-sport","tag-sports","tag-tennis","tag-us","tag-us-open","tag-video"],"share_on_mastodon":{"url":"https:\/\/pubeurope.com\/@it\/116917407116277017","error":""},"_links":{"self":[{"href":"https:\/\/www.europesays.com\/it\/wp-json\/wp\/v2\/posts\/583995","targetHints":{"allow":["GET"]}}],"collection":[{"href":"https:\/\/www.europesays.com\/it\/wp-json\/wp\/v2\/posts"}],"about":[{"href":"https:\/\/www.europesays.com\/it\/wp-json\/wp\/v2\/types\/post"}],"author":[{"embeddable":true,"href":"https:\/\/www.europesays.com\/it\/wp-json\/wp\/v2\/users\/3"}],"replies":[{"embeddable":true,"href":"https:\/\/www.europesays.com\/it\/wp-json\/wp\/v2\/comments?post=583995"}],"version-history":[{"count":0,"href":"https:\/\/www.europesays.com\/it\/wp-json\/wp\/v2\/posts\/583995\/revisions"}],"wp:featuredmedia":[{"embeddable":true,"href":"https:\/\/www.europesays.com\/it\/wp-json\/wp\/v2\/media\/583996"}],"wp:attachment":[{"href":"https:\/\/www.europesays.com\/it\/wp-json\/wp\/v2\/media?parent=583995"}],"wp:term":[{"taxonomy":"category","embeddable":true,"href":"https:\/\/www.europesays.com\/it\/wp-json\/wp\/v2\/categories?post=583995"},{"taxonomy":"post_tag","embeddable":true,"href":"https:\/\/www.europesays.com\/it\/wp-json\/wp\/v2\/tags?post=583995"}],"curies":[{"name":"wp","href":"https:\/\/api.w.org\/{rel}","templated":true}]}}