{"id":584074,"date":"2026-07-14T09:41:18","date_gmt":"2026-07-14T09:41:18","guid":{"rendered":"https:\/\/www.europesays.com\/it\/584074\/"},"modified":"2026-07-14T09:41:18","modified_gmt":"2026-07-14T09:41:18","slug":"pirlo-ct-dellitalia-il-rapporto-con-maldini-e-lidea-milan","status":"publish","type":"post","link":"https:\/\/www.europesays.com\/it\/584074\/","title":{"rendered":"Pirlo ct dell&#8217;Italia? Il rapporto con Maldini e l&#8217;idea Milan"},"content":{"rendered":"<p>                                &#8220;Solo una chiacchiera tra amici&#8221; l&#8217;ha definita Pirlo, ma Maldini l&#8217;aveva effettivamente scelto per il dopo Pioli prima di essere lui quello sostituito<\/p>\n<p>            <a class=\"image is-50x50\" href=\"https:\/\/www.gazzetta.it\/redazione\/alessandra-gozzini\/\" rel=\"nofollow noopener\" target=\"_blank\"><br \/>\n                <img decoding=\"async\" class=\"is-rounded\" src=\"https:\/\/www.europesays.com\/it\/wp-content\/uploads\/2026\/04\/alessandra-gozzini_avatar.png\" alt=\"Alessandra Gozzini\"\/><br \/>\n            <\/a><\/p>\n<p>Giornalista<\/p>\n<p>                    14 luglio &#8211; 09:09  &#8211; MILANO<\/p>\n<p class=\"paragraph\" spellcheck=\"true\">Il feeling \u00e8 quello che lega due campioni dal fascino universale, vincenti senza bisogno di esibizioni o colpi di testa. Maldini e Pirlo si intendono come solo due icone del calcio possono fare: c\u2019\u00e8 una stima tecnica, ma prima ancora una condivisione di valori sportivi e umani. Non \u00e8 per amicizia se Capitan Paolo, oggi nuovo dt della Nazionale, \u00e8 intenzionato a puntare sul Maestro Andrea come prossimo ct azzurro. E c\u2019\u00e8 un precedente che \u00e8 l\u00ec a dimostrarlo: fosse stato per Maldini le strade si sarebbero incrociate gi\u00e0 al Milan nell\u2019estate del 2023. Un ritorno, dopo aver percorso insieme chilometri di storia rossonera. Paolo lo avrebbe voluto allenatore a Milano e c\u2019erano stati dei contatti confermati solo in seguito: Mister Pirlo aveva gi\u00e0 vinto Coppa Italia e Supercoppa Italiana con la Juventus e vissuto in panchina un po\u2019 di calcio internazionale al Fatih Karagumruk in S\u00fcper Lig, prima serie turca. Maldini lo aveva scelto come successore di Pioli, salvo poi essere lui quello sostituito: \u00e8 l\u2019estate in cui si chiuse il rapporto tra Paolo e il Milan, sollevato dall\u2019incarico di direttore tecnico per divergenze di opinioni sul mercato e sulla gestione del club americano di RedBird. Pioli rest\u00f2 un altro anno. L\u2019ammissione di Pirlo nell\u2019ottobre 2023, dal palco rosa del Festival di Trento firmato Gazzetta: &#8220;\u00c8 vero,  ne abbiamo parlato, ma era stata giusto una chiacchierata fra amici&#8221;.\u00a0<\/p>\n<p>        Compagno migliore\u2014 \u00a0<\/p>\n<p class=\"paragraph\" spellcheck=\"true\">La coppia pu\u00f2 riformarsi in azzurro perch\u00e9 negli anni la stima \u00e8 rimasta immutata e il rispetto anche: hanno condiviso altri eventi professionali, come succede alle leggende dello sport, e momenti di amicizia lontano dai riflettori. Pirlo aveva gi\u00e0 definito Maldini il miglior compagno della sua carriera, e di compagni di livello \u00e8 piena la storia del Maestro. Maldini scelto, disse, per la forza del difensore in campo ma soprattutto per la passione dello sportivo e il garbo e l\u2019intelligenza dell\u2019uomo. Paolo aveva raccontato in tv che tra i due c\u2019era una connessione capace di andare anche oltre le parole dette. Maldini, per esempio, era stato tra i primi a sapere che l\u2019ex compagno avrebbe allenato la Juventus: &#8220;L\u2019ho chiamato per complimentarmi per l\u2019incarico di allenatore della squadra Under 23 e come battuta gli ho detto &#8216;Non \u00e8 che stai andando a Torino per allenare la prima squadra?&#8217;. E lui mi ha risposto: &#8216;Come fai a saperlo?&#8217;. Sono stato uno dei primi a saperlo. Da una battuta \u00e8 venuta fuori la verit\u00e0&#8221;.\u00a0<\/p>\n<p><a class=\"is-partner-link\" href=\"https:\/\/aipredictor.gazzetta.it\/?intcmp=Nazionali\" rel=\"nofollow noopener\" target=\"_blank\">Promo Mondiale 1\u20ac al mese per 3 mesi &#8211; Scopri chi vince con Gazzetta AI Predictor!<\/a><\/p>\n<p>        Mai uniti dall\u2019azzurro\u2014 \u00a0<\/p>\n<p class=\"paragraph\" spellcheck=\"true\">Dopo le stagioni da avversari \u00e8 nel 2001 che Maldini e Pirlo diventano compagni: a unirli \u00e8 il Milan di Berlusconi e Galliani. Frequentano lo stesso spogliatoio dal 2001, quando arriva Andrea, al 2009, quando esce di scena Paolo. Insieme hanno vinto due scudetti (2003-04, 2010-11), una Coppa Italia (2003), due Champions League (2003, 2007), due Supercoppe Europee (2003, 2007), un Mondiale per Club (2007). In azzurro, almeno finora, non sono mai stati nella stessa squadra, ma sono i numeri a unirli. Potrebbero fare entrambi&#8230; 137. Tutti e due sono stati convocati da giocatori centotrentasei volte, con 126 presenze per Maldini, dal marzo 1988 al giugno 2002, in Corea del Sud. Pirlo con 116 gare, dal settembre 2002 in Azerbaigian, prima gara ufficiale seguita all\u2019addio azzurro del capitano, fino  al 2015. Paolo e Andrea potrebbero riprendere il conto ora, insieme.<\/p>\n<p class=\"is-copyright\">\u00a9 RIPRODUZIONE RISERVATA<\/p>\n","protected":false},"excerpt":{"rendered":"&#8220;Solo una chiacchiera tra amici&#8221; l&#8217;ha definita Pirlo, ma Maldini l&#8217;aveva effettivamente scelto per il dopo Pioli prima&hellip;\n","protected":false},"author":3,"featured_media":584075,"comment_status":"","ping_status":"","sticky":false,"template":"","format":"standard","meta":{"footnotes":"","_share_on_mastodon":"0"},"categories":[176],"tags":[1960,1266,11166,2700,7920,3648,721,554,4021,3340,2142,4297,5006,5886,1533,49,1537,90,89,558,15263,20361,321844,321843,553,652,4979,3531,321845,82928,10422,3338,22309,1702,57557,245,244,1857,24011,1567,321846],"class_list":["post-584074","post","type-post","status-publish","format-standard","has-post-thumbnail","category-sport","tag-allenatore","tag-amici","tag-amicizia","tag-andrea","tag-azzurro","tag-battuta","tag-calcio","tag-club","tag-compagni","tag-compagno","tag-connessione","tag-coppa","tag-coppa-italia","tag-ct","tag-estate","tag-incarico","tag-it","tag-italia","tag-italy","tag-juventus","tag-maestro","tag-maldini","tag-maldini-pirlo","tag-maldini-scelto","tag-milan","tag-paolo","tag-parole","tag-pioli","tag-pioli-sostituito","tag-pirlo","tag-potrebbero","tag-primi","tag-saperlo","tag-scelto","tag-sostituito","tag-sport","tag-sports","tag-squadra","tag-stima","tag-storia","tag-unirli"],"share_on_mastodon":{"url":"https:\/\/pubeurope.com\/@it\/116917678815378296","error":""},"_links":{"self":[{"href":"https:\/\/www.europesays.com\/it\/wp-json\/wp\/v2\/posts\/584074","targetHints":{"allow":["GET"]}}],"collection":[{"href":"https:\/\/www.europesays.com\/it\/wp-json\/wp\/v2\/posts"}],"about":[{"href":"https:\/\/www.europesays.com\/it\/wp-json\/wp\/v2\/types\/post"}],"author":[{"embeddable":true,"href":"https:\/\/www.europesays.com\/it\/wp-json\/wp\/v2\/users\/3"}],"replies":[{"embeddable":true,"href":"https:\/\/www.europesays.com\/it\/wp-json\/wp\/v2\/comments?post=584074"}],"version-history":[{"count":0,"href":"https:\/\/www.europesays.com\/it\/wp-json\/wp\/v2\/posts\/584074\/revisions"}],"wp:featuredmedia":[{"embeddable":true,"href":"https:\/\/www.europesays.com\/it\/wp-json\/wp\/v2\/media\/584075"}],"wp:attachment":[{"href":"https:\/\/www.europesays.com\/it\/wp-json\/wp\/v2\/media?parent=584074"}],"wp:term":[{"taxonomy":"category","embeddable":true,"href":"https:\/\/www.europesays.com\/it\/wp-json\/wp\/v2\/categories?post=584074"},{"taxonomy":"post_tag","embeddable":true,"href":"https:\/\/www.europesays.com\/it\/wp-json\/wp\/v2\/tags?post=584074"}],"curies":[{"name":"wp","href":"https:\/\/api.w.org\/{rel}","templated":true}]}}